{"id":1464,"date":"2025-08-22T09:22:00","date_gmt":"2025-08-22T09:22:00","guid":{"rendered":"https:\/\/costaline.com.mx\/blog\/?p=1464"},"modified":"2025-08-09T00:27:15","modified_gmt":"2025-08-09T00:27:15","slug":"dia-mundial-del-folclore-costa-line","status":"publish","type":"post","link":"https:\/\/costaline.com.mx\/blog\/dia-mundial-del-folclore-costa-line\/","title":{"rendered":"D\u00eda Mundial del Folclore"},"content":{"rendered":"\n<p>El D\u00eda Mundial del Folclore fue instituido por la UNESCO en 1960 para rendir homenaje a las tradiciones culturales de los pueblos. La fecha conmemora el d\u00eda en que el investigador ingl\u00e9s William G. Thoms acu\u00f1\u00f3 el t\u00e9rmino \u201cfolklore\u201d en 1846, combinando folk (pueblo) y lore (saber), para describir el conocimiento tradicional transmitido oralmente.<br>Desde entonces, esta efem\u00e9ride celebra la m\u00fasica, danza, leyendas, gastronom\u00eda, vestimenta y costumbres que definen la identidad de cada comunidad.<\/p>\n\n\n\n<figure class=\"wp-block-image size-large\"><img fetchpriority=\"high\" decoding=\"async\" width=\"1024\" height=\"575\" src=\"https:\/\/costaline.com.mx\/blog\/wp-content\/uploads\/2025\/08\/image-1024x575.webp\" alt=\"\" class=\"wp-image-1466\" srcset=\"https:\/\/costaline.com.mx\/blog\/wp-content\/uploads\/2025\/08\/image-1024x575.webp 1024w, https:\/\/costaline.com.mx\/blog\/wp-content\/uploads\/2025\/08\/image-300x169.webp 300w, https:\/\/costaline.com.mx\/blog\/wp-content\/uploads\/2025\/08\/image-768x431.webp 768w, https:\/\/costaline.com.mx\/blog\/wp-content\/uploads\/2025\/08\/image.webp 1200w\" sizes=\"(max-width: 1024px) 100vw, 1024px\" \/><\/figure>\n\n\n\n<p>\ud83c\udf0e Folclore: el alma de los pueblos<\/p>\n\n\n\n<ul class=\"wp-block-list\">\n<li>Es memoria viva, transmitida de generaci\u00f3n en generaci\u00f3n<\/li>\n\n\n\n<li>Une lo ancestral con lo contempor\u00e1neo<\/li>\n\n\n\n<li>Da sentido de pertenencia y orgullo cultural<\/li>\n\n\n\n<li>Inspira arte, turismo y conexi\u00f3n emocional<br>En M\u00e9xico, el folclore se manifiesta en cada rinc\u00f3n: desde la Danza del Venado en el norte hasta los Son Jarocho en Veracruz, pasando por textiles, platillos y celebraciones que hacen de cada regi\u00f3n un universo propio.<br>\ud83d\ude8d<strong> Costa Line: <\/strong>conecta destinos, celebra tradiciones<br>Cada ruta de Costa Line es tambi\u00e9n un recorrido por el folclore mexicano. Nuestros autobuses cruzan estados donde la cultura se vive en plazas, mercados, festivales y calles llenas de color.<br>Este 22 de agosto, te invitamos a:<\/li>\n\n\n\n<li>Viajar a un destino con fuerte identidad cultural<\/li>\n\n\n\n<li>Compartir tus fotos usando #Ra\u00edcesEnRuta<\/li>\n\n\n\n<li>Descubrir las danzas, sabores y sonidos que hacen \u00fanico a cada pueblo<br>Porque viajar tambi\u00e9n es celebrar lo que somos.<br>\ud83c\udf89<strong> \u00bfC\u00f3mo celebrar el D\u00eda Mundial del Folclore?<\/strong><\/li>\n\n\n\n<li>Asiste a una presentaci\u00f3n de danza regional<\/li>\n\n\n\n<li>Escucha m\u00fasica tradicional de tu estado<\/li>\n\n\n\n<li>Cocina un platillo t\u00edpico y comparte su historia<\/li>\n\n\n\n<li>Visita un museo o centro cultural local<\/li>\n\n\n\n<li>Apoya artesanos y creadores que preservan tradiciones<\/li>\n<\/ul>\n\n\n\n<p>Costa Line te lleva a donde el folclore vive.<br>Este 22 de agosto, s\u00famate al homenaje a nuestras ra\u00edces. Porque cada viaje puede ser tambi\u00e9n una fiesta cultural.<\/p>\n\n\n\n<h3 class=\"wp-block-heading\">Servicios Costa Line: Seguridad, Comodidad y Puntualidad<\/h3>\n\n\n\n<ul class=\"wp-block-list\">\n<li><strong>Seguridad:<\/strong>\u00a0Nuestra flota de autobuses est\u00e1 equipada con tecnolog\u00eda de punta y se somete a rigurosos controles de mantenimiento. Contamos con conductores profesionales altamente capacitados para garantizar que llegues a tu destino sin contratiempos.<\/li>\n\n\n\n<li><strong>Comodidad:<\/strong>\u00a0Nuestros autobuses ofrecen asientos reclinables, aire acondicionado y amplios espacios para tus pertenencias, lo que se traduce en un viaje confortable y relajante.<\/li>\n\n\n\n<li><strong>Puntualidad:<\/strong>\u00a0Entendemos la importancia de los horarios para nuestros clientes. Por ello, nuestros autobuses cumplen estrictamente con los tiempos programados, permiti\u00e9ndote disfrutar de cada minuto.<\/li>\n<\/ul>\n\n\n\n<p>Te invitamos a aprovechar esta excelente oportunidad de viajar a nuestros diferentes destinos que tenemos para ti. Adquiere tus boletos en nuestra p\u00e1gina web&nbsp;<a href=\"http:\/\/www.costaline.com.mx.\/\">www.costaline.com.mx.<\/a><\/p>\n","protected":false},"excerpt":{"rendered":"<p>El D\u00eda Mundial del Folclore fue instituido por la UNESCO en 1960 para rendir homenaje a las tradiciones culturales de los pueblos. La fecha conmemora el d\u00eda en que el investigador ingl\u00e9s William G. Thoms acu\u00f1\u00f3 el t\u00e9rmino \u201cfolklore\u201d en 1846, combinando folk (pueblo) y lore (saber), para describir el conocimiento tradicional transmitido oralmente.Desde entonces, esta efem\u00e9ride celebra la m\u00fasica, danza, leyendas, gastronom\u00eda, vestimenta y costumbres que definen la identidad de cada comunidad. \ud83c\udf0e Folclore: el alma de los pueblos Costa Line te lleva a donde el folclore vive.Este 22 de agosto, s\u00famate al homenaje a nuestras ra\u00edces. Porque cada viaje puede ser tambi\u00e9n una fiesta cultural. Servicios Costa Line: Seguridad, Comodidad y Puntualidad Te invitamos a aprovechar esta excelente oportunidad de viajar a nuestros diferentes destinos que tenemos para ti. Adquiere tus boletos en nuestra p\u00e1gina web&nbsp;www.costaline.com.mx.<\/p>\n","protected":false},"author":8,"featured_media":1467,"comment_status":"open","ping_status":"open","sticky":false,"template":"","format":"standard","meta":{"site-sidebar-layout":"default","site-content-layout":"","ast-site-content-layout":"default","site-content-style":"default","site-sidebar-style":"default","ast-global-header-display":"","ast-banner-title-visibility":"","ast-main-header-display":"","ast-hfb-above-header-display":"","ast-hfb-below-header-display":"","ast-hfb-mobile-header-display":"","site-post-title":"","ast-breadcrumbs-content":"","ast-featured-img":"","footer-sml-layout":"","ast-disable-related-posts":"","theme-transparent-header-meta":"","adv-header-id-meta":"","stick-header-meta":"","header-above-stick-meta":"","header-main-stick-meta":"","header-below-stick-meta":"","astra-migrate-meta-layouts":"default","ast-page-background-enabled":"default","ast-page-background-meta":{"desktop":{"background-color":"var(--ast-global-color-4)","background-image":"","background-repeat":"repeat","background-position":"center center","background-size":"auto","background-attachment":"scroll","background-type":"","background-media":"","overlay-type":"","overlay-color":"","overlay-opacity":"","overlay-gradient":""},"tablet":{"background-color":"","background-image":"","background-repeat":"repeat","background-position":"center center","background-size":"auto","background-attachment":"scroll","background-type":"","background-media":"","overlay-type":"","overlay-color":"","overlay-opacity":"","overlay-gradient":""},"mobile":{"background-color":"","background-image":"","background-repeat":"repeat","background-position":"center center","background-size":"auto","background-attachment":"scroll","background-type":"","background-media":"","overlay-type":"","overlay-color":"","overlay-opacity":"","overlay-gradient":""}},"ast-content-background-meta":{"desktop":{"background-color":"var(--ast-global-color-5)","background-image":"","background-repeat":"repeat","background-position":"center center","background-size":"auto","background-attachment":"scroll","background-type":"","background-media":"","overlay-type":"","overlay-color":"","overlay-opacity":"","overlay-gradient":""},"tablet":{"background-color":"var(--ast-global-color-5)","background-image":"","background-repeat":"repeat","background-position":"center center","background-size":"auto","background-attachment":"scroll","background-type":"","background-media":"","overlay-type":"","overlay-color":"","overlay-opacity":"","overlay-gradient":""},"mobile":{"background-color":"var(--ast-global-color-5)","background-image":"","background-repeat":"repeat","background-position":"center center","background-size":"auto","background-attachment":"scroll","background-type":"","background-media":"","overlay-type":"","overlay-color":"","overlay-opacity":"","overlay-gradient":""}},"footnotes":""},"categories":[6,35,15,3,16,30,4,27,5],"tags":[],"class_list":["post-1464","post","type-post","status-publish","format-standard","has-post-thumbnail","hentry","category-autobus-a-chilpancingo","category-boletos-a-acapulco","category-boletos-a-taxco","category-boletos-de-autobus","category-boletos-de-camion","category-boletosautob-acapulco","category-chilpancingo","category-ciudad-de-mexico","category-costaline"],"yoast_head":"<!-- This site is optimized with the Yoast SEO plugin v26.6 - https:\/\/yoast.com\/wordpress\/plugins\/seo\/ -->\n<title>D\u00eda Mundial del Folclore | Costa Line<\/title>\n<meta name=\"description\" content=\"Este 22 de agosto, Costa Line celebra el folclore que da vida a M\u00e9xico. Porque cada viaje es tambi\u00e9n un encuentro con nuestras ra\u00edces.\" \/>\n<meta name=\"robots\" content=\"index, follow, max-snippet:-1, max-image-preview:large, max-video-preview:-1\" \/>\n<link rel=\"canonical\" href=\"https:\/\/costaline.com.mx\/blog\/dia-mundial-del-folclore-costa-line\/\" \/>\n<meta property=\"og:locale\" content=\"es_MX\" \/>\n<meta property=\"og:type\" content=\"article\" \/>\n<meta property=\"og:title\" content=\"D\u00eda Mundial del Folclore | Costa Line\" \/>\n<meta property=\"og:description\" content=\"Este 22 de agosto, Costa Line celebra el folclore que da vida a M\u00e9xico. Porque cada viaje es tambi\u00e9n un encuentro con nuestras ra\u00edces.\" \/>\n<meta property=\"og:url\" content=\"https:\/\/costaline.com.mx\/blog\/dia-mundial-del-folclore-costa-line\/\" \/>\n<meta property=\"og:site_name\" content=\"Blog AERS Costaline\" \/>\n<meta property=\"article:published_time\" content=\"2025-08-22T09:22:00+00:00\" \/>\n<meta property=\"og:image\" content=\"https:\/\/costaline.com.mx\/blog\/wp-content\/uploads\/2025\/08\/images.jpg\" \/>\n\t<meta property=\"og:image:width\" content=\"300\" \/>\n\t<meta property=\"og:image:height\" content=\"168\" \/>\n\t<meta property=\"og:image:type\" content=\"image\/jpeg\" \/>\n<meta name=\"author\" content=\"Costa Line\" \/>\n<meta name=\"twitter:card\" content=\"summary_large_image\" \/>\n<meta name=\"twitter:label1\" content=\"Escrito por\" \/>\n\t<meta name=\"twitter:data1\" content=\"Costa Line\" \/>\n\t<meta name=\"twitter:label2\" content=\"Tiempo de lectura\" \/>\n\t<meta name=\"twitter:data2\" content=\"3 minutos\" \/>\n<script type=\"application\/ld+json\" class=\"yoast-schema-graph\">{\"@context\":\"https:\/\/schema.org\",\"@graph\":[{\"@type\":\"WebPage\",\"@id\":\"https:\/\/costaline.com.mx\/blog\/dia-mundial-del-folclore-costa-line\/\",\"url\":\"https:\/\/costaline.com.mx\/blog\/dia-mundial-del-folclore-costa-line\/\",\"name\":\"D\u00eda Mundial del Folclore | Costa Line\",\"isPartOf\":{\"@id\":\"https:\/\/costaline.com.mx\/blog\/#website\"},\"primaryImageOfPage\":{\"@id\":\"https:\/\/costaline.com.mx\/blog\/dia-mundial-del-folclore-costa-line\/#primaryimage\"},\"image\":{\"@id\":\"https:\/\/costaline.com.mx\/blog\/dia-mundial-del-folclore-costa-line\/#primaryimage\"},\"thumbnailUrl\":\"https:\/\/costaline.com.mx\/blog\/wp-content\/uploads\/2025\/08\/images.jpg\",\"datePublished\":\"2025-08-22T09:22:00+00:00\",\"author\":{\"@id\":\"https:\/\/costaline.com.mx\/blog\/#\/schema\/person\/8a5d28051d7b4c124af40df098993ed2\"},\"description\":\"Este 22 de agosto, Costa Line celebra el folclore que da vida a M\u00e9xico. Porque cada viaje es tambi\u00e9n un encuentro con nuestras ra\u00edces.\",\"breadcrumb\":{\"@id\":\"https:\/\/costaline.com.mx\/blog\/dia-mundial-del-folclore-costa-line\/#breadcrumb\"},\"inLanguage\":\"es\",\"potentialAction\":[{\"@type\":\"ReadAction\",\"target\":[\"https:\/\/costaline.com.mx\/blog\/dia-mundial-del-folclore-costa-line\/\"]}]},{\"@type\":\"ImageObject\",\"inLanguage\":\"es\",\"@id\":\"https:\/\/costaline.com.mx\/blog\/dia-mundial-del-folclore-costa-line\/#primaryimage\",\"url\":\"https:\/\/costaline.com.mx\/blog\/wp-content\/uploads\/2025\/08\/images.jpg\",\"contentUrl\":\"https:\/\/costaline.com.mx\/blog\/wp-content\/uploads\/2025\/08\/images.jpg\",\"width\":300,\"height\":168},{\"@type\":\"BreadcrumbList\",\"@id\":\"https:\/\/costaline.com.mx\/blog\/dia-mundial-del-folclore-costa-line\/#breadcrumb\",\"itemListElement\":[{\"@type\":\"ListItem\",\"position\":1,\"name\":\"Inicio\",\"item\":\"https:\/\/costaline.com.mx\/blog\/\"},{\"@type\":\"ListItem\",\"position\":2,\"name\":\"D\u00eda Mundial del Folclore\"}]},{\"@type\":\"WebSite\",\"@id\":\"https:\/\/costaline.com.mx\/blog\/#website\",\"url\":\"https:\/\/costaline.com.mx\/blog\/\",\"name\":\"Blog AERS Costaline\",\"description\":\"Autotransportes Estrella Roja del Sur\",\"potentialAction\":[{\"@type\":\"SearchAction\",\"target\":{\"@type\":\"EntryPoint\",\"urlTemplate\":\"https:\/\/costaline.com.mx\/blog\/?s={search_term_string}\"},\"query-input\":{\"@type\":\"PropertyValueSpecification\",\"valueRequired\":true,\"valueName\":\"search_term_string\"}}],\"inLanguage\":\"es\"},{\"@type\":\"Person\",\"@id\":\"https:\/\/costaline.com.mx\/blog\/#\/schema\/person\/8a5d28051d7b4c124af40df098993ed2\",\"name\":\"Costa Line\",\"image\":{\"@type\":\"ImageObject\",\"inLanguage\":\"es\",\"@id\":\"https:\/\/costaline.com.mx\/blog\/#\/schema\/person\/image\/\",\"url\":\"https:\/\/secure.gravatar.com\/avatar\/972c44cb62d153f3a3644322de65d35f68a87c12aedab694ff3df52b780d9253?s=96&d=mm&r=g\",\"contentUrl\":\"https:\/\/secure.gravatar.com\/avatar\/972c44cb62d153f3a3644322de65d35f68a87c12aedab694ff3df52b780d9253?s=96&d=mm&r=g\",\"caption\":\"Costa Line\"},\"url\":\"https:\/\/costaline.com.mx\/blog\/author\/costaline\/\"}]}<\/script>\n<!-- \/ Yoast SEO plugin. -->","yoast_head_json":{"title":"D\u00eda Mundial del Folclore | Costa Line","description":"Este 22 de agosto, Costa Line celebra el folclore que da vida a M\u00e9xico. Porque cada viaje es tambi\u00e9n un encuentro con nuestras ra\u00edces.","robots":{"index":"index","follow":"follow","max-snippet":"max-snippet:-1","max-image-preview":"max-image-preview:large","max-video-preview":"max-video-preview:-1"},"canonical":"https:\/\/costaline.com.mx\/blog\/dia-mundial-del-folclore-costa-line\/","og_locale":"es_MX","og_type":"article","og_title":"D\u00eda Mundial del Folclore | Costa Line","og_description":"Este 22 de agosto, Costa Line celebra el folclore que da vida a M\u00e9xico. Porque cada viaje es tambi\u00e9n un encuentro con nuestras ra\u00edces.","og_url":"https:\/\/costaline.com.mx\/blog\/dia-mundial-del-folclore-costa-line\/","og_site_name":"Blog AERS Costaline","article_published_time":"2025-08-22T09:22:00+00:00","og_image":[{"width":300,"height":168,"url":"https:\/\/costaline.com.mx\/blog\/wp-content\/uploads\/2025\/08\/images.jpg","type":"image\/jpeg"}],"author":"Costa Line","twitter_card":"summary_large_image","twitter_misc":{"Escrito por":"Costa Line","Tiempo de lectura":"3 minutos"},"schema":{"@context":"https:\/\/schema.org","@graph":[{"@type":"WebPage","@id":"https:\/\/costaline.com.mx\/blog\/dia-mundial-del-folclore-costa-line\/","url":"https:\/\/costaline.com.mx\/blog\/dia-mundial-del-folclore-costa-line\/","name":"D\u00eda Mundial del Folclore | Costa Line","isPartOf":{"@id":"https:\/\/costaline.com.mx\/blog\/#website"},"primaryImageOfPage":{"@id":"https:\/\/costaline.com.mx\/blog\/dia-mundial-del-folclore-costa-line\/#primaryimage"},"image":{"@id":"https:\/\/costaline.com.mx\/blog\/dia-mundial-del-folclore-costa-line\/#primaryimage"},"thumbnailUrl":"https:\/\/costaline.com.mx\/blog\/wp-content\/uploads\/2025\/08\/images.jpg","datePublished":"2025-08-22T09:22:00+00:00","author":{"@id":"https:\/\/costaline.com.mx\/blog\/#\/schema\/person\/8a5d28051d7b4c124af40df098993ed2"},"description":"Este 22 de agosto, Costa Line celebra el folclore que da vida a M\u00e9xico. Porque cada viaje es tambi\u00e9n un encuentro con nuestras ra\u00edces.","breadcrumb":{"@id":"https:\/\/costaline.com.mx\/blog\/dia-mundial-del-folclore-costa-line\/#breadcrumb"},"inLanguage":"es","potentialAction":[{"@type":"ReadAction","target":["https:\/\/costaline.com.mx\/blog\/dia-mundial-del-folclore-costa-line\/"]}]},{"@type":"ImageObject","inLanguage":"es","@id":"https:\/\/costaline.com.mx\/blog\/dia-mundial-del-folclore-costa-line\/#primaryimage","url":"https:\/\/costaline.com.mx\/blog\/wp-content\/uploads\/2025\/08\/images.jpg","contentUrl":"https:\/\/costaline.com.mx\/blog\/wp-content\/uploads\/2025\/08\/images.jpg","width":300,"height":168},{"@type":"BreadcrumbList","@id":"https:\/\/costaline.com.mx\/blog\/dia-mundial-del-folclore-costa-line\/#breadcrumb","itemListElement":[{"@type":"ListItem","position":1,"name":"Inicio","item":"https:\/\/costaline.com.mx\/blog\/"},{"@type":"ListItem","position":2,"name":"D\u00eda Mundial del Folclore"}]},{"@type":"WebSite","@id":"https:\/\/costaline.com.mx\/blog\/#website","url":"https:\/\/costaline.com.mx\/blog\/","name":"Blog AERS Costaline","description":"Autotransportes Estrella Roja del Sur","potentialAction":[{"@type":"SearchAction","target":{"@type":"EntryPoint","urlTemplate":"https:\/\/costaline.com.mx\/blog\/?s={search_term_string}"},"query-input":{"@type":"PropertyValueSpecification","valueRequired":true,"valueName":"search_term_string"}}],"inLanguage":"es"},{"@type":"Person","@id":"https:\/\/costaline.com.mx\/blog\/#\/schema\/person\/8a5d28051d7b4c124af40df098993ed2","name":"Costa Line","image":{"@type":"ImageObject","inLanguage":"es","@id":"https:\/\/costaline.com.mx\/blog\/#\/schema\/person\/image\/","url":"https:\/\/secure.gravatar.com\/avatar\/972c44cb62d153f3a3644322de65d35f68a87c12aedab694ff3df52b780d9253?s=96&d=mm&r=g","contentUrl":"https:\/\/secure.gravatar.com\/avatar\/972c44cb62d153f3a3644322de65d35f68a87c12aedab694ff3df52b780d9253?s=96&d=mm&r=g","caption":"Costa Line"},"url":"https:\/\/costaline.com.mx\/blog\/author\/costaline\/"}]}},"_links":{"self":[{"href":"https:\/\/costaline.com.mx\/blog\/wp-json\/wp\/v2\/posts\/1464","targetHints":{"allow":["GET"]}}],"collection":[{"href":"https:\/\/costaline.com.mx\/blog\/wp-json\/wp\/v2\/posts"}],"about":[{"href":"https:\/\/costaline.com.mx\/blog\/wp-json\/wp\/v2\/types\/post"}],"author":[{"embeddable":true,"href":"https:\/\/costaline.com.mx\/blog\/wp-json\/wp\/v2\/users\/8"}],"replies":[{"embeddable":true,"href":"https:\/\/costaline.com.mx\/blog\/wp-json\/wp\/v2\/comments?post=1464"}],"version-history":[{"count":1,"href":"https:\/\/costaline.com.mx\/blog\/wp-json\/wp\/v2\/posts\/1464\/revisions"}],"predecessor-version":[{"id":1468,"href":"https:\/\/costaline.com.mx\/blog\/wp-json\/wp\/v2\/posts\/1464\/revisions\/1468"}],"wp:featuredmedia":[{"embeddable":true,"href":"https:\/\/costaline.com.mx\/blog\/wp-json\/wp\/v2\/media\/1467"}],"wp:attachment":[{"href":"https:\/\/costaline.com.mx\/blog\/wp-json\/wp\/v2\/media?parent=1464"}],"wp:term":[{"taxonomy":"category","embeddable":true,"href":"https:\/\/costaline.com.mx\/blog\/wp-json\/wp\/v2\/categories?post=1464"},{"taxonomy":"post_tag","embeddable":true,"href":"https:\/\/costaline.com.mx\/blog\/wp-json\/wp\/v2\/tags?post=1464"}],"curies":[{"name":"wp","href":"https:\/\/api.w.org\/{rel}","templated":true}]}}