{"id":1616,"date":"2025-10-19T10:00:00","date_gmt":"2025-10-19T10:00:00","guid":{"rendered":"https:\/\/costaline.com.mx\/blog\/?p=1616"},"modified":"2025-09-30T17:37:27","modified_gmt":"2025-09-30T17:37:27","slug":"feria-cafe-chocolate-pan-de-muerto-2025-cdmx","status":"publish","type":"post","link":"https:\/\/costaline.com.mx\/blog\/feria-cafe-chocolate-pan-de-muerto-2025-cdmx\/","title":{"rendered":"Feria de Caf\u00e9, Chocolate y Pan de Muerto 2025"},"content":{"rendered":"\n<p>Este oto\u00f1o, la<strong> Ciudad de M\u00e9xico<\/strong> se llena de aroma, tradici\u00f3n y sabor con la<strong> Feria de Caf\u00e9, Chocolate y Pan de Muerto 2025, <\/strong>un evento que re\u00fane a productores, artesanos y amantes de lo aut\u00e9ntico en un homenaje delicioso a nuestras ra\u00edces.<br><strong>Del 31 de octubre al 3 de noviembre, <\/strong>el Palacio de la Autonom\u00eda se convierte en un espacio para degustar, aprender y celebrar tres \u00edconos de la cultura mexicana: el caf\u00e9, el chocolate y el pan de muerto.<\/p>\n\n\n\n<figure class=\"wp-block-image aligncenter size-full is-resized\"><img fetchpriority=\"high\" decoding=\"async\" width=\"1024\" height=\"1024\" src=\"https:\/\/costaline.com.mx\/blog\/wp-content\/uploads\/2025\/09\/Gemini_Generated_Image_igvsrvigvsrvigvs.png\" alt=\"\" class=\"wp-image-1617\" style=\"width:376px;height:auto\" srcset=\"https:\/\/costaline.com.mx\/blog\/wp-content\/uploads\/2025\/09\/Gemini_Generated_Image_igvsrvigvsrvigvs.png 1024w, https:\/\/costaline.com.mx\/blog\/wp-content\/uploads\/2025\/09\/Gemini_Generated_Image_igvsrvigvsrvigvs-300x300.png 300w, https:\/\/costaline.com.mx\/blog\/wp-content\/uploads\/2025\/09\/Gemini_Generated_Image_igvsrvigvsrvigvs-150x150.png 150w, https:\/\/costaline.com.mx\/blog\/wp-content\/uploads\/2025\/09\/Gemini_Generated_Image_igvsrvigvsrvigvs-768x768.png 768w\" sizes=\"(max-width: 1024px) 100vw, 1024px\" \/><\/figure>\n\n\n\n<p><strong>\ud83d\ude8d Costa Line te lo recuerda: el sabor tambi\u00e9n se transporta<\/strong><br>En Costa Line sabemos que cada trayecto puede terminar en una experiencia que reconforta el alma. Por eso, este oto\u00f1o te invitamos a viajar con nosotros rumbo a la<strong> CDMX<\/strong> y disfrutar de esta feria que combina tradici\u00f3n, historia y placer.<\/p>\n\n\n\n<p><strong>\ud83c\udf5e \u00bfQu\u00e9 encontrar\u00e1s en la feria?<\/strong><\/p>\n\n\n\n<ul class=\"wp-block-list\">\n<li>Degustaciones de caf\u00e9 artesanal de distintas regiones<\/li>\n\n\n\n<li>Chocolates gourmet, tradicionales y con ingredientes ex\u00f3ticos<\/li>\n\n\n\n<li>Panes de muerto en versiones cl\u00e1sicas, rellenas y creativas<\/li>\n\n\n\n<li>Talleres, charlas y catas guiadas por expertos<\/li>\n\n\n\n<li>Expositores locales con productos \u00fanicos y sustentables<\/li>\n<\/ul>\n\n\n\n<p><strong>\ud83d\udccd \u00bfD\u00f3nde y cu\u00e1ndo?<\/strong><\/p>\n\n\n\n<ul class=\"wp-block-list\">\n<li><strong>Lugar:<\/strong> Palacio de la Autonom\u00eda, Centro Hist\u00f3rico<\/li>\n\n\n\n<li><strong>Fechas: <\/strong>Del 31 de octubre al 3 de noviembre<\/li>\n\n\n\n<li><strong>Entrada: <\/strong>Libre, con opci\u00f3n de adquirir productos directamente<\/li>\n<\/ul>\n\n\n\n<p><strong>\ud83d\udca1 Tips para disfrutarla al m\u00e1ximo<\/strong><\/p>\n\n\n\n<ul class=\"wp-block-list\">\n<li>Llega temprano para evitar filas y aprovechar las degustaciones<\/li>\n\n\n\n<li>Lleva efectivo para compras directas a productores<\/li>\n\n\n\n<li>Usa ropa c\u00f3moda y prep\u00e1rate para caminar y probar<\/li>\n\n\n\n<li>Aprovecha para visitar museos, caf\u00e9s y mercados cercanos<\/li>\n<\/ul>\n\n\n\n<p><strong>\u2728 Este D\u00eda de Muertos, tu trayecto tambi\u00e9n puede ser sabor<\/strong><br>Viaja con Costa Line y forma parte de una celebraci\u00f3n que honra la memoria a trav\u00e9s del gusto. Porque la tradici\u00f3n tambi\u00e9n se mueve kil\u00f3metro a kil\u00f3metro.<\/p>\n\n\n\n<h3 class=\"wp-block-heading\">Servicios Costa Line: Seguridad, Comodidad y Puntualidad<\/h3>\n\n\n\n<ul class=\"wp-block-list\">\n<li><strong>Seguridad:<\/strong>\u00a0Nuestra flota de autobuses est\u00e1 equipada con tecnolog\u00eda de punta y se somete a rigurosos controles de mantenimiento. Contamos con conductores profesionales altamente capacitados para garantizar que llegues a tu destino sin contratiempos.<\/li>\n\n\n\n<li><strong>Comodidad:<\/strong>\u00a0Nuestros autobuses ofrecen asientos reclinables, aire acondicionado y amplios espacios para tus pertenencias, lo que se traduce en un viaje confortable y relajante.<\/li>\n\n\n\n<li><strong>Puntualidad:<\/strong>\u00a0Entendemos la importancia de los horarios para nuestros clientes. Por ello, nuestros autobuses cumplen estrictamente con los tiempos programados, permiti\u00e9ndote disfrutar de cada minuto.<\/li>\n<\/ul>\n\n\n\n<p>Te invitamos a aprovechar esta excelente oportunidad de viajar a nuestros diferentes destinos que tenemos para ti. Adquiere tus boletos en nuestra p\u00e1gina web&nbsp;<a href=\"http:\/\/www.costaline.com.mx.\/\">www.costaline.com.mx.<\/a><\/p>\n","protected":false},"excerpt":{"rendered":"<p>Este oto\u00f1o, la Ciudad de M\u00e9xico se llena de aroma, tradici\u00f3n y sabor con la Feria de Caf\u00e9, Chocolate y Pan de Muerto 2025, un evento que re\u00fane a productores, artesanos y amantes de lo aut\u00e9ntico en un homenaje delicioso a nuestras ra\u00edces.Del 31 de octubre al 3 de noviembre, el Palacio de la Autonom\u00eda se convierte en un espacio para degustar, aprender y celebrar tres \u00edconos de la cultura mexicana: el caf\u00e9, el chocolate y el pan de muerto. \ud83d\ude8d Costa Line te lo recuerda: el sabor tambi\u00e9n se transportaEn Costa Line sabemos que cada trayecto puede terminar en una experiencia que reconforta el alma. Por eso, este oto\u00f1o te invitamos a viajar con nosotros rumbo a la CDMX y disfrutar de esta feria que combina tradici\u00f3n, historia y placer. \ud83c\udf5e \u00bfQu\u00e9 encontrar\u00e1s en la feria? \ud83d\udccd \u00bfD\u00f3nde y cu\u00e1ndo? \ud83d\udca1 Tips para disfrutarla al m\u00e1ximo \u2728 Este D\u00eda de Muertos, tu trayecto tambi\u00e9n puede ser saborViaja con Costa Line y forma parte de una celebraci\u00f3n que honra la memoria a trav\u00e9s del gusto. Porque la tradici\u00f3n tambi\u00e9n se mueve kil\u00f3metro a kil\u00f3metro. Servicios Costa Line: Seguridad, Comodidad y Puntualidad Te invitamos a aprovechar esta excelente oportunidad de viajar a nuestros diferentes destinos que tenemos para ti. Adquiere tus boletos en nuestra p\u00e1gina web&nbsp;www.costaline.com.mx.<\/p>\n","protected":false},"author":8,"featured_media":1618,"comment_status":"open","ping_status":"open","sticky":false,"template":"","format":"standard","meta":{"site-sidebar-layout":"default","site-content-layout":"","ast-site-content-layout":"default","site-content-style":"default","site-sidebar-style":"default","ast-global-header-display":"","ast-banner-title-visibility":"","ast-main-header-display":"","ast-hfb-above-header-display":"","ast-hfb-below-header-display":"","ast-hfb-mobile-header-display":"","site-post-title":"","ast-breadcrumbs-content":"","ast-featured-img":"","footer-sml-layout":"","ast-disable-related-posts":"","theme-transparent-header-meta":"","adv-header-id-meta":"","stick-header-meta":"","header-above-stick-meta":"","header-main-stick-meta":"","header-below-stick-meta":"","astra-migrate-meta-layouts":"default","ast-page-background-enabled":"default","ast-page-background-meta":{"desktop":{"background-color":"var(--ast-global-color-4)","background-image":"","background-repeat":"repeat","background-position":"center center","background-size":"auto","background-attachment":"scroll","background-type":"","background-media":"","overlay-type":"","overlay-color":"","overlay-opacity":"","overlay-gradient":""},"tablet":{"background-color":"","background-image":"","background-repeat":"repeat","background-position":"center center","background-size":"auto","background-attachment":"scroll","background-type":"","background-media":"","overlay-type":"","overlay-color":"","overlay-opacity":"","overlay-gradient":""},"mobile":{"background-color":"","background-image":"","background-repeat":"repeat","background-position":"center center","background-size":"auto","background-attachment":"scroll","background-type":"","background-media":"","overlay-type":"","overlay-color":"","overlay-opacity":"","overlay-gradient":""}},"ast-content-background-meta":{"desktop":{"background-color":"var(--ast-global-color-5)","background-image":"","background-repeat":"repeat","background-position":"center center","background-size":"auto","background-attachment":"scroll","background-type":"","background-media":"","overlay-type":"","overlay-color":"","overlay-opacity":"","overlay-gradient":""},"tablet":{"background-color":"var(--ast-global-color-5)","background-image":"","background-repeat":"repeat","background-position":"center center","background-size":"auto","background-attachment":"scroll","background-type":"","background-media":"","overlay-type":"","overlay-color":"","overlay-opacity":"","overlay-gradient":""},"mobile":{"background-color":"var(--ast-global-color-5)","background-image":"","background-repeat":"repeat","background-position":"center center","background-size":"auto","background-attachment":"scroll","background-type":"","background-media":"","overlay-type":"","overlay-color":"","overlay-opacity":"","overlay-gradient":""}},"footnotes":""},"categories":[3,16,27,5],"tags":[],"class_list":["post-1616","post","type-post","status-publish","format-standard","has-post-thumbnail","hentry","category-boletos-de-autobus","category-boletos-de-camion","category-ciudad-de-mexico","category-costaline"],"yoast_head":"<!-- This site is optimized with the Yoast SEO plugin v26.6 - https:\/\/yoast.com\/wordpress\/plugins\/seo\/ -->\n<title>CDMX celebra sabores con alma | Costa Line<\/title>\n<meta name=\"description\" content=\"Viaja con Costa Line a la Feria de Caf\u00e9, Chocolate y Pan de Muerto 2025 en CDMX: tradici\u00f3n, sabor y cultura en movimiento.\" \/>\n<meta name=\"robots\" content=\"index, follow, max-snippet:-1, max-image-preview:large, max-video-preview:-1\" \/>\n<link rel=\"canonical\" href=\"https:\/\/costaline.com.mx\/blog\/feria-cafe-chocolate-pan-de-muerto-2025-cdmx\/\" \/>\n<meta property=\"og:locale\" content=\"es_MX\" \/>\n<meta property=\"og:type\" content=\"article\" \/>\n<meta property=\"og:title\" content=\"CDMX celebra sabores con alma | Costa Line\" \/>\n<meta property=\"og:description\" content=\"Viaja con Costa Line a la Feria de Caf\u00e9, Chocolate y Pan de Muerto 2025 en CDMX: tradici\u00f3n, sabor y cultura en movimiento.\" \/>\n<meta property=\"og:url\" content=\"https:\/\/costaline.com.mx\/blog\/feria-cafe-chocolate-pan-de-muerto-2025-cdmx\/\" \/>\n<meta property=\"og:site_name\" content=\"Blog AERS Costaline\" \/>\n<meta property=\"article:published_time\" content=\"2025-10-19T10:00:00+00:00\" \/>\n<meta property=\"og:image\" content=\"https:\/\/costaline.com.mx\/blog\/wp-content\/uploads\/2025\/09\/Gemini_Generated_Image_lmd8k0lmd8k0lmd8.png\" \/>\n\t<meta property=\"og:image:width\" content=\"1024\" \/>\n\t<meta property=\"og:image:height\" content=\"1024\" \/>\n\t<meta property=\"og:image:type\" content=\"image\/png\" \/>\n<meta name=\"author\" content=\"Costa Line\" \/>\n<meta name=\"twitter:card\" content=\"summary_large_image\" \/>\n<meta name=\"twitter:label1\" content=\"Escrito por\" \/>\n\t<meta name=\"twitter:data1\" content=\"Costa Line\" \/>\n\t<meta name=\"twitter:label2\" content=\"Tiempo de lectura\" \/>\n\t<meta name=\"twitter:data2\" content=\"3 minutos\" \/>\n<script type=\"application\/ld+json\" class=\"yoast-schema-graph\">{\"@context\":\"https:\/\/schema.org\",\"@graph\":[{\"@type\":\"WebPage\",\"@id\":\"https:\/\/costaline.com.mx\/blog\/feria-cafe-chocolate-pan-de-muerto-2025-cdmx\/\",\"url\":\"https:\/\/costaline.com.mx\/blog\/feria-cafe-chocolate-pan-de-muerto-2025-cdmx\/\",\"name\":\"CDMX celebra sabores con alma | Costa Line\",\"isPartOf\":{\"@id\":\"https:\/\/costaline.com.mx\/blog\/#website\"},\"primaryImageOfPage\":{\"@id\":\"https:\/\/costaline.com.mx\/blog\/feria-cafe-chocolate-pan-de-muerto-2025-cdmx\/#primaryimage\"},\"image\":{\"@id\":\"https:\/\/costaline.com.mx\/blog\/feria-cafe-chocolate-pan-de-muerto-2025-cdmx\/#primaryimage\"},\"thumbnailUrl\":\"https:\/\/costaline.com.mx\/blog\/wp-content\/uploads\/2025\/09\/Gemini_Generated_Image_lmd8k0lmd8k0lmd8.png\",\"datePublished\":\"2025-10-19T10:00:00+00:00\",\"author\":{\"@id\":\"https:\/\/costaline.com.mx\/blog\/#\/schema\/person\/8a5d28051d7b4c124af40df098993ed2\"},\"description\":\"Viaja con Costa Line a la Feria de Caf\u00e9, Chocolate y Pan de Muerto 2025 en CDMX: tradici\u00f3n, sabor y cultura en movimiento.\",\"breadcrumb\":{\"@id\":\"https:\/\/costaline.com.mx\/blog\/feria-cafe-chocolate-pan-de-muerto-2025-cdmx\/#breadcrumb\"},\"inLanguage\":\"es\",\"potentialAction\":[{\"@type\":\"ReadAction\",\"target\":[\"https:\/\/costaline.com.mx\/blog\/feria-cafe-chocolate-pan-de-muerto-2025-cdmx\/\"]}]},{\"@type\":\"ImageObject\",\"inLanguage\":\"es\",\"@id\":\"https:\/\/costaline.com.mx\/blog\/feria-cafe-chocolate-pan-de-muerto-2025-cdmx\/#primaryimage\",\"url\":\"https:\/\/costaline.com.mx\/blog\/wp-content\/uploads\/2025\/09\/Gemini_Generated_Image_lmd8k0lmd8k0lmd8.png\",\"contentUrl\":\"https:\/\/costaline.com.mx\/blog\/wp-content\/uploads\/2025\/09\/Gemini_Generated_Image_lmd8k0lmd8k0lmd8.png\",\"width\":1024,\"height\":1024},{\"@type\":\"BreadcrumbList\",\"@id\":\"https:\/\/costaline.com.mx\/blog\/feria-cafe-chocolate-pan-de-muerto-2025-cdmx\/#breadcrumb\",\"itemListElement\":[{\"@type\":\"ListItem\",\"position\":1,\"name\":\"Inicio\",\"item\":\"https:\/\/costaline.com.mx\/blog\/\"},{\"@type\":\"ListItem\",\"position\":2,\"name\":\"Feria de Caf\u00e9, Chocolate y Pan de Muerto 2025\"}]},{\"@type\":\"WebSite\",\"@id\":\"https:\/\/costaline.com.mx\/blog\/#website\",\"url\":\"https:\/\/costaline.com.mx\/blog\/\",\"name\":\"Blog AERS Costaline\",\"description\":\"Autotransportes Estrella Roja del Sur\",\"potentialAction\":[{\"@type\":\"SearchAction\",\"target\":{\"@type\":\"EntryPoint\",\"urlTemplate\":\"https:\/\/costaline.com.mx\/blog\/?s={search_term_string}\"},\"query-input\":{\"@type\":\"PropertyValueSpecification\",\"valueRequired\":true,\"valueName\":\"search_term_string\"}}],\"inLanguage\":\"es\"},{\"@type\":\"Person\",\"@id\":\"https:\/\/costaline.com.mx\/blog\/#\/schema\/person\/8a5d28051d7b4c124af40df098993ed2\",\"name\":\"Costa Line\",\"image\":{\"@type\":\"ImageObject\",\"inLanguage\":\"es\",\"@id\":\"https:\/\/costaline.com.mx\/blog\/#\/schema\/person\/image\/\",\"url\":\"https:\/\/secure.gravatar.com\/avatar\/972c44cb62d153f3a3644322de65d35f68a87c12aedab694ff3df52b780d9253?s=96&d=mm&r=g\",\"contentUrl\":\"https:\/\/secure.gravatar.com\/avatar\/972c44cb62d153f3a3644322de65d35f68a87c12aedab694ff3df52b780d9253?s=96&d=mm&r=g\",\"caption\":\"Costa Line\"},\"url\":\"https:\/\/costaline.com.mx\/blog\/author\/costaline\/\"}]}<\/script>\n<!-- \/ Yoast SEO plugin. -->","yoast_head_json":{"title":"CDMX celebra sabores con alma | Costa Line","description":"Viaja con Costa Line a la Feria de Caf\u00e9, Chocolate y Pan de Muerto 2025 en CDMX: tradici\u00f3n, sabor y cultura en movimiento.","robots":{"index":"index","follow":"follow","max-snippet":"max-snippet:-1","max-image-preview":"max-image-preview:large","max-video-preview":"max-video-preview:-1"},"canonical":"https:\/\/costaline.com.mx\/blog\/feria-cafe-chocolate-pan-de-muerto-2025-cdmx\/","og_locale":"es_MX","og_type":"article","og_title":"CDMX celebra sabores con alma | Costa Line","og_description":"Viaja con Costa Line a la Feria de Caf\u00e9, Chocolate y Pan de Muerto 2025 en CDMX: tradici\u00f3n, sabor y cultura en movimiento.","og_url":"https:\/\/costaline.com.mx\/blog\/feria-cafe-chocolate-pan-de-muerto-2025-cdmx\/","og_site_name":"Blog AERS Costaline","article_published_time":"2025-10-19T10:00:00+00:00","og_image":[{"width":1024,"height":1024,"url":"https:\/\/costaline.com.mx\/blog\/wp-content\/uploads\/2025\/09\/Gemini_Generated_Image_lmd8k0lmd8k0lmd8.png","type":"image\/png"}],"author":"Costa Line","twitter_card":"summary_large_image","twitter_misc":{"Escrito por":"Costa Line","Tiempo de lectura":"3 minutos"},"schema":{"@context":"https:\/\/schema.org","@graph":[{"@type":"WebPage","@id":"https:\/\/costaline.com.mx\/blog\/feria-cafe-chocolate-pan-de-muerto-2025-cdmx\/","url":"https:\/\/costaline.com.mx\/blog\/feria-cafe-chocolate-pan-de-muerto-2025-cdmx\/","name":"CDMX celebra sabores con alma | Costa Line","isPartOf":{"@id":"https:\/\/costaline.com.mx\/blog\/#website"},"primaryImageOfPage":{"@id":"https:\/\/costaline.com.mx\/blog\/feria-cafe-chocolate-pan-de-muerto-2025-cdmx\/#primaryimage"},"image":{"@id":"https:\/\/costaline.com.mx\/blog\/feria-cafe-chocolate-pan-de-muerto-2025-cdmx\/#primaryimage"},"thumbnailUrl":"https:\/\/costaline.com.mx\/blog\/wp-content\/uploads\/2025\/09\/Gemini_Generated_Image_lmd8k0lmd8k0lmd8.png","datePublished":"2025-10-19T10:00:00+00:00","author":{"@id":"https:\/\/costaline.com.mx\/blog\/#\/schema\/person\/8a5d28051d7b4c124af40df098993ed2"},"description":"Viaja con Costa Line a la Feria de Caf\u00e9, Chocolate y Pan de Muerto 2025 en CDMX: tradici\u00f3n, sabor y cultura en movimiento.","breadcrumb":{"@id":"https:\/\/costaline.com.mx\/blog\/feria-cafe-chocolate-pan-de-muerto-2025-cdmx\/#breadcrumb"},"inLanguage":"es","potentialAction":[{"@type":"ReadAction","target":["https:\/\/costaline.com.mx\/blog\/feria-cafe-chocolate-pan-de-muerto-2025-cdmx\/"]}]},{"@type":"ImageObject","inLanguage":"es","@id":"https:\/\/costaline.com.mx\/blog\/feria-cafe-chocolate-pan-de-muerto-2025-cdmx\/#primaryimage","url":"https:\/\/costaline.com.mx\/blog\/wp-content\/uploads\/2025\/09\/Gemini_Generated_Image_lmd8k0lmd8k0lmd8.png","contentUrl":"https:\/\/costaline.com.mx\/blog\/wp-content\/uploads\/2025\/09\/Gemini_Generated_Image_lmd8k0lmd8k0lmd8.png","width":1024,"height":1024},{"@type":"BreadcrumbList","@id":"https:\/\/costaline.com.mx\/blog\/feria-cafe-chocolate-pan-de-muerto-2025-cdmx\/#breadcrumb","itemListElement":[{"@type":"ListItem","position":1,"name":"Inicio","item":"https:\/\/costaline.com.mx\/blog\/"},{"@type":"ListItem","position":2,"name":"Feria de Caf\u00e9, Chocolate y Pan de Muerto 2025"}]},{"@type":"WebSite","@id":"https:\/\/costaline.com.mx\/blog\/#website","url":"https:\/\/costaline.com.mx\/blog\/","name":"Blog AERS Costaline","description":"Autotransportes Estrella Roja del Sur","potentialAction":[{"@type":"SearchAction","target":{"@type":"EntryPoint","urlTemplate":"https:\/\/costaline.com.mx\/blog\/?s={search_term_string}"},"query-input":{"@type":"PropertyValueSpecification","valueRequired":true,"valueName":"search_term_string"}}],"inLanguage":"es"},{"@type":"Person","@id":"https:\/\/costaline.com.mx\/blog\/#\/schema\/person\/8a5d28051d7b4c124af40df098993ed2","name":"Costa Line","image":{"@type":"ImageObject","inLanguage":"es","@id":"https:\/\/costaline.com.mx\/blog\/#\/schema\/person\/image\/","url":"https:\/\/secure.gravatar.com\/avatar\/972c44cb62d153f3a3644322de65d35f68a87c12aedab694ff3df52b780d9253?s=96&d=mm&r=g","contentUrl":"https:\/\/secure.gravatar.com\/avatar\/972c44cb62d153f3a3644322de65d35f68a87c12aedab694ff3df52b780d9253?s=96&d=mm&r=g","caption":"Costa Line"},"url":"https:\/\/costaline.com.mx\/blog\/author\/costaline\/"}]}},"_links":{"self":[{"href":"https:\/\/costaline.com.mx\/blog\/wp-json\/wp\/v2\/posts\/1616","targetHints":{"allow":["GET"]}}],"collection":[{"href":"https:\/\/costaline.com.mx\/blog\/wp-json\/wp\/v2\/posts"}],"about":[{"href":"https:\/\/costaline.com.mx\/blog\/wp-json\/wp\/v2\/types\/post"}],"author":[{"embeddable":true,"href":"https:\/\/costaline.com.mx\/blog\/wp-json\/wp\/v2\/users\/8"}],"replies":[{"embeddable":true,"href":"https:\/\/costaline.com.mx\/blog\/wp-json\/wp\/v2\/comments?post=1616"}],"version-history":[{"count":2,"href":"https:\/\/costaline.com.mx\/blog\/wp-json\/wp\/v2\/posts\/1616\/revisions"}],"predecessor-version":[{"id":1621,"href":"https:\/\/costaline.com.mx\/blog\/wp-json\/wp\/v2\/posts\/1616\/revisions\/1621"}],"wp:featuredmedia":[{"embeddable":true,"href":"https:\/\/costaline.com.mx\/blog\/wp-json\/wp\/v2\/media\/1618"}],"wp:attachment":[{"href":"https:\/\/costaline.com.mx\/blog\/wp-json\/wp\/v2\/media?parent=1616"}],"wp:term":[{"taxonomy":"category","embeddable":true,"href":"https:\/\/costaline.com.mx\/blog\/wp-json\/wp\/v2\/categories?post=1616"},{"taxonomy":"post_tag","embeddable":true,"href":"https:\/\/costaline.com.mx\/blog\/wp-json\/wp\/v2\/tags?post=1616"}],"curies":[{"name":"wp","href":"https:\/\/api.w.org\/{rel}","templated":true}]}}