{"id":724,"date":"2024-11-19T23:39:09","date_gmt":"2024-11-19T23:39:09","guid":{"rendered":"https:\/\/costaline.com.mx\/blog\/?p=724"},"modified":"2026-07-22T23:15:53","modified_gmt":"2026-07-22T23:15:53","slug":"desfile-revolucion-cdmx-2024","status":"publish","type":"post","link":"https:\/\/costaline.com.mx\/blog\/desfile-revolucion-cdmx-2024\/","title":{"rendered":"Desfile Revoluci\u00f3n Mexicana en CDMX: Todo lo que necesitas saber"},"content":{"rendered":"\n<p class=\"wp-block-paragraph\">El <strong>Desfile de la Revoluci\u00f3n Mexicana en CDMX<\/strong> es una de las conmemoraciones c\u00edvicas m\u00e1s importantes del pa\u00eds. Cada a\u00f1o, la capital recibe a miles de visitantes que desean observar contingentes, representaciones hist\u00f3ricas y actividades relacionadas con este acontecimiento.<\/p>\n\n\n\n<figure class=\"wp-block-image aligncenter size-large\"><img fetchpriority=\"high\" decoding=\"async\" width=\"1024\" height=\"683\" src=\"https:\/\/costaline.com.mx\/blog\/wp-content\/uploads\/2024\/11\/desfile-revolucion-mexicana-cdmx-2026-1024x683.avif\" alt=\"Desfile de la Revoluci\u00f3n Mexicana en CDMX 2026\" class=\"wp-image-2768\" srcset=\"https:\/\/costaline.com.mx\/blog\/wp-content\/uploads\/2024\/11\/desfile-revolucion-mexicana-cdmx-2026-1024x683.avif 1024w, https:\/\/costaline.com.mx\/blog\/wp-content\/uploads\/2024\/11\/desfile-revolucion-mexicana-cdmx-2026-300x200.avif 300w, https:\/\/costaline.com.mx\/blog\/wp-content\/uploads\/2024\/11\/desfile-revolucion-mexicana-cdmx-2026-768x512.avif 768w, https:\/\/costaline.com.mx\/blog\/wp-content\/uploads\/2024\/11\/desfile-revolucion-mexicana-cdmx-2026.avif 1200w\" sizes=\"(max-width: 1024px) 100vw, 1024px\" \/><figcaption class=\"wp-element-caption\">Vive la conmemoraci\u00f3n de la Revoluci\u00f3n Mexicana en el coraz\u00f3n de la CDMX.<\/figcaption><\/figure>\n\n\n\n<p class=\"wp-block-paragraph\">La Revoluci\u00f3n Mexicana se conmemora el <strong>20 de noviembre<\/strong>. En 2026, esta fecha caer\u00e1 en viernes y recordar\u00e1 el <strong>116 aniversario del inicio del movimiento revolucionario de 1910<\/strong>.<\/p>\n\n\n\n<p class=\"wp-block-paragraph\">Si quieres presenciar el desfile, puedes preparar desde ahora tu visita. Consulta las <strong>rutas de autob\u00fas<\/strong>, revisa las terminales disponibles y compra tus <strong>boletos de autob\u00fas<\/strong> con anticipaci\u00f3n.<\/p>\n\n\n\n<h2 class=\"wp-block-heading\">\u00bfCu\u00e1ndo ser\u00e1 el Desfile Revoluci\u00f3n CDMX 2026?<\/h2>\n\n\n\n<p class=\"wp-block-paragraph\">La conmemoraci\u00f3n de la Revoluci\u00f3n Mexicana tendr\u00e1 lugar el <strong>viernes 20 de noviembre de 2026<\/strong>. Sin embargo, el horario y el programa oficial del desfile todav\u00eda no se han publicado.<\/p>\n\n\n\n<style data-wp-block-html=\"css\">\n\/* =====================================\n   STICKY CTA COSTA LINE\n===================================== *\/\n\n#costa-line-sticky-cta.costa-line-cta-container {\n    position: fixed !important;\n\n    \/* Centra el elemento respecto a toda la pantalla *\/\n    left: 50% !important;\n    right: auto !important;\n    transform: translateX(-50%) !important;\n\n    bottom: -250px;\n    width: 100vw !important;\n    max-width: none !important;\n    min-width: 100vw !important;\n\n    margin: 0 !important;\n    padding: 15px 20px !important;\n    box-sizing: border-box !important;\n\n    background-color: #003b71;\n    color: #ffffff;\n\n    box-shadow: 0 -4px 12px rgba(0, 0, 0, 0.25);\n    z-index: 999999 !important;\n\n    display: flex !important;\n    align-items: center !important;\n    justify-content: center !important;\n\n    transition: bottom 0.45s ease-in-out;\n}\n\n\/* Contenido interior centrado *\/\n#costa-line-sticky-cta .costa-line-cta-content {\n    width: 100% !important;\n    max-width: 1100px !important;\n    margin: 0 auto !important;\n    padding: 0 !important;\n\n    display: flex !important;\n    align-items: center !important;\n    justify-content: center !important;\n    gap: 24px;\n\n    box-sizing: border-box;\n}\n\n\/* Texto *\/\n#costa-line-sticky-cta .costa-line-cta-text {\n    margin: 0 !important;\n    padding: 0 !important;\n\n    color: #ffffff !important;\n    font-size: 16px;\n    font-weight: 500;\n    line-height: 1.4;\n    text-align: center !important;\n}\n\n\/* Bot\u00f3n *\/\n#costa-line-sticky-cta .costa-line-cta-button {\n    display: inline-flex !important;\n    align-items: center;\n    justify-content: center;\n\n    flex-shrink: 0;\n\n    padding: 12px 28px !important;\n    margin: 0 !important;\n\n    background-color: #2e5696!important;\n    color: #ffffff !important;\n\n    border: none;\n    border-radius: 6px;\n\n    font-size: 16px;\n    font-weight: 700;\n    line-height: 1.2;\n\n    text-decoration: none !important;\n    white-space: nowrap;\n\n    transition: background-color 0.25s ease;\n}\n\n#costa-line-sticky-cta .costa-line-cta-button:hover {\n    background-color: #2e5696 !important;\n    color: #ffffff !important;\n    text-decoration: none !important;\n}\n\n\/* =====================================\n   VERSI\u00d3N M\u00d3VIL\n===================================== *\/\n\n@media (max-width: 768px) {\n\n    #costa-line-sticky-cta.costa-line-cta-container {\n        padding: 14px 16px !important;\n    }\n\n    #costa-line-sticky-cta .costa-line-cta-content {\n        flex-direction: column !important;\n        gap: 10px;\n    }\n\n    #costa-line-sticky-cta .costa-line-cta-text {\n        font-size: 14px;\n        line-height: 1.3;\n    }\n\n    #costa-line-sticky-cta .costa-line-cta-button {\n        width: 100% !important;\n        max-width: 280px;\n        padding: 11px 20px !important;\n        font-size: 15px;\n    }\n}\n<\/style>\n\n<script data-wp-block-html=\"js\">\ndocument.addEventListener(\"DOMContentLoaded\", function () {\n  const cta = document.getElementById(\"costa-line-sticky-cta\");\n\n  if (!cta) {\n    return;\n  }\n\n  function controlarCTA() {\n    const alturaDocumento =\n      document.documentElement.scrollHeight - window.innerHeight;\n\n    const porcentajeRecorrido =\n      alturaDocumento > 0\n        ? window.scrollY \/ alturaDocumento\n        : 0;\n\n    if (porcentajeRecorrido >= 0.25) {\n      cta.style.bottom = \"0px\";\n    } else {\n      cta.style.bottom = \"-250px\";\n    }\n  }\n\n  window.addEventListener(\"scroll\", controlarCTA);\n  controlarCTA();\n});\n<\/script>\n\n<div id=\"disparador-cta\"><\/div>\n\n<div id=\"costa-line-sticky-cta\" class=\"costa-line-cta-container\">\n  <div class=\"costa-line-cta-content\">\n    <p class=\"costa-line-cta-text\">\n      Viaja a CDMX. Planea tu viaje con Costa Line.\n    <\/p>\n\n    <a href=\"https:\/\/costaline.com.mx\/boletos-autobus\/ciudad-de-mexico.html\" class=\"costa-line-cta-button\">\n      Comprar ahora\n    <\/a>\n  <\/div>\n<\/div>\n\n\n\n<p class=\"wp-block-paragraph\">Por lo tanto, evita tomar como definitivos los horarios que circulen sin respaldo oficial. Las autoridades suelen comunicar la hora de inicio, el recorrido y los cierres viales cuando se acerca la fecha.<\/p>\n\n\n\n<p class=\"wp-block-paragraph\">Adem\u00e1s, debes distinguir entre la fecha hist\u00f3rica y el descanso obligatorio. La Ley Federal del Trabajo establece el <strong>tercer lunes de noviembre<\/strong> como d\u00eda de descanso obligatorio en conmemoraci\u00f3n del 20 de noviembre.<\/p>\n\n\n\n<p class=\"wp-block-paragraph\">En 2026, este descanso corresponder\u00e1 al <strong>lunes 16 de noviembre<\/strong>. Puedes consultar esta disposici\u00f3n en el art\u00edculo 74 de la Ley Federal del Trabajo.<\/p>\n\n\n\n<h2 class=\"wp-block-heading\">\u00bfCu\u00e1l ser\u00e1 la ruta del Desfile de la Revoluci\u00f3n Mexicana en CDMX?<\/h2>\n\n\n\n<p class=\"wp-block-paragraph\">La ruta oficial del desfile de 2026 todav\u00eda est\u00e1 pendiente de confirmaci\u00f3n. El recorrido puede cambiar por cuestiones de organizaci\u00f3n, seguridad, actividades simult\u00e1neas o cierres en el Centro Hist\u00f3rico.<\/p>\n\n\n\n<p class=\"wp-block-paragraph\">En 2024, el desfile sali\u00f3 del Z\u00f3calo y avanz\u00f3 por 5 de Mayo, Eje Central, avenida Ju\u00e1rez y Paseo de la Reforma hasta Campo Marte. La Secretar\u00eda de Seguridad Ciudadana de la CDMX public\u00f3 ese recorrido.<\/p>\n\n\n\n<p class=\"wp-block-paragraph\">En cambio, durante 2025 el trayecto termin\u00f3 en el Monumento a la Revoluci\u00f3n. Por lo tanto, no conviene asegurar que alguna de estas rutas se repetir\u00e1 en 2026.<\/p>\n\n\n\n<p class=\"wp-block-paragraph\">Cuando se publique el programa oficial, revisa principalmente estos datos:<\/p>\n\n\n\n<ul class=\"wp-block-list\">\n<li><strong>Punto exacto de inicio.<\/strong><\/li>\n\n\n\n<li><strong>Hora de comienzo.<\/strong><\/li>\n\n\n\n<li><strong>Calles que formar\u00e1n parte del recorrido.<\/strong><\/li>\n\n\n\n<li><strong>Punto donde terminar\u00e1 el desfile.<\/strong><\/li>\n\n\n\n<li><strong>Accesos para las personas asistentes.<\/strong><\/li>\n\n\n\n<li><strong>Cierres viales y desv\u00edos temporales.<\/strong><\/li>\n\n\n\n<li><strong>Cambios en el transporte p\u00fablico.<\/strong><\/li>\n\n\n\n<li><strong>Indicaciones de seguridad.<\/strong><\/li>\n<\/ul>\n\n\n\n<h2 class=\"wp-block-heading\">\u00bfQu\u00e9 podr\u00e1s ver durante el desfile?<\/h2>\n\n\n\n<p class=\"wp-block-paragraph\">El contenido del desfile puede variar cada a\u00f1o. No obstante, generalmente combina elementos c\u00edvicos, hist\u00f3ricos y culturales relacionados con la Revoluci\u00f3n Mexicana.<\/p>\n\n\n\n<p class=\"wp-block-paragraph\">De acuerdo con los programas realizados en ediciones anteriores, podr\u00edas encontrar:<\/p>\n\n\n\n<ul class=\"wp-block-list\">\n<li><strong>Contingentes c\u00edvicos y militares.<\/strong><\/li>\n\n\n\n<li><strong>Representaciones de acontecimientos hist\u00f3ricos.<\/strong><\/li>\n\n\n\n<li><strong>Personajes caracterizados de la \u00e9poca revolucionaria.<\/strong><\/li>\n\n\n\n<li><strong>Caballos y agrupaciones ecuestres.<\/strong><\/li>\n\n\n\n<li><strong>Veh\u00edculos y objetos de exhibici\u00f3n.<\/strong><\/li>\n\n\n\n<li><strong>Bandas de m\u00fasica.<\/strong><\/li>\n\n\n\n<li><strong>Carros tem\u00e1ticos.<\/strong><\/li>\n\n\n\n<li><strong>Presentaciones culturales.<\/strong><\/li>\n\n\n\n<li><strong>Homenajes a personajes hist\u00f3ricos.<\/strong><\/li>\n<\/ul>\n\n\n\n<p class=\"wp-block-paragraph\">Adem\u00e1s, las actividades buscan acercar al p\u00fablico a uno de los procesos sociales y pol\u00edticos m\u00e1s importantes de M\u00e9xico.<\/p>\n\n\n\n<p class=\"wp-block-paragraph\">La programaci\u00f3n definitiva depender\u00e1 del anuncio oficial correspondiente a 2026.<\/p>\n\n\n\n<h2 class=\"wp-block-heading\">\u00bfPor qu\u00e9 se celebra la Revoluci\u00f3n Mexicana el 20 de noviembre?<\/h2>\n\n\n\n<p class=\"wp-block-paragraph\">La conmemoraci\u00f3n recuerda el llamado realizado por Francisco I. Madero para iniciar un levantamiento contra el gobierno de Porfirio D\u00edaz el <strong>20 de noviembre de 1910<\/strong>.<\/p>\n\n\n\n<p class=\"wp-block-paragraph\">El movimiento surgi\u00f3 despu\u00e9s de un largo periodo de desigualdad pol\u00edtica, econ\u00f3mica y social. Adem\u00e1s, diferentes grupos reclamaban elecciones democr\u00e1ticas, mejores condiciones laborales y una distribuci\u00f3n m\u00e1s justa de la tierra.<\/p>\n\n\n\n<p class=\"wp-block-paragraph\">Aunque el proceso revolucionario se extendi\u00f3 durante varios a\u00f1os y reuni\u00f3 distintas causas y l\u00edderes, el 20 de noviembre qued\u00f3 establecido como su fecha representativa.<\/p>\n\n\n\n<p class=\"wp-block-paragraph\">El Instituto Nacional de Estudios Hist\u00f3ricos de las Revoluciones de M\u00e9xico conserva materiales para conocer con mayor profundidad los sucesos de esta etapa.<\/p>\n\n\n\n<h2 class=\"wp-block-heading\">\u00bfQui\u00e9nes fueron los personajes principales de la Revoluci\u00f3n Mexicana?<\/h2>\n\n\n\n<p class=\"wp-block-paragraph\">La Revoluci\u00f3n Mexicana no tuvo un solo protagonista. Por el contrario, participaron diferentes l\u00edderes, movimientos regionales y grupos sociales.<\/p>\n\n\n\n<p class=\"wp-block-paragraph\">Entre los personajes m\u00e1s reconocidos se encuentran:<\/p>\n\n\n\n<h3 class=\"wp-block-heading\">Francisco I. Madero<\/h3>\n\n\n\n<p class=\"wp-block-paragraph\">Francisco I. Madero impuls\u00f3 el movimiento antirreeleccionista y llam\u00f3 al levantamiento del 20 de noviembre de 1910 mediante el Plan de San Luis.<\/p>\n\n\n\n<p class=\"wp-block-paragraph\">Adem\u00e1s, defendi\u00f3 la celebraci\u00f3n de elecciones democr\u00e1ticas. Su movimiento contribuy\u00f3 a terminar con el largo gobierno de Porfirio D\u00edaz.<\/p>\n\n\n\n<h3 class=\"wp-block-heading\">Emiliano Zapata<\/h3>\n\n\n\n<p class=\"wp-block-paragraph\">Emiliano Zapata encabez\u00f3 el movimiento campesino en el sur de M\u00e9xico. Su lucha se relacion\u00f3 principalmente con la restituci\u00f3n de tierras y los derechos de las comunidades rurales.<\/p>\n\n\n\n<p class=\"wp-block-paragraph\">Por ello, su figura contin\u00faa vinculada con la justicia agraria y la defensa del campo mexicano.<\/p>\n\n\n\n<h3 class=\"wp-block-heading\">Francisco Villa<\/h3>\n\n\n\n<p class=\"wp-block-paragraph\">Francisco Villa fue uno de los principales l\u00edderes revolucionarios del norte del pa\u00eds. Encabez\u00f3 la Divisi\u00f3n del Norte y tuvo una participaci\u00f3n decisiva en diferentes etapas del conflicto.<\/p>\n\n\n\n<h3 class=\"wp-block-heading\">Venustiano Carranza<\/h3>\n\n\n\n<p class=\"wp-block-paragraph\">Venustiano Carranza lider\u00f3 el movimiento constitucionalista. Posteriormente, convoc\u00f3 al Congreso Constituyente que redact\u00f3 la Constituci\u00f3n Pol\u00edtica de 1917.<\/p>\n\n\n\n<h3 class=\"wp-block-heading\">Carmen Serd\u00e1n<\/h3>\n\n\n\n<p class=\"wp-block-paragraph\">Carmen Serd\u00e1n particip\u00f3 activamente en el movimiento antirreeleccionista. Su trabajo y el de otras mujeres fue fundamental para organizar, comunicar y sostener distintas acciones revolucionarias.<\/p>\n\n\n\n<h2 class=\"wp-block-heading\">\u00bfC\u00f3mo llegar al desfile si viajas en autob\u00fas?<\/h2>\n\n\n\n<p class=\"wp-block-paragraph\">Los <strong>viajes en autob\u00fas<\/strong> representan una alternativa pr\u00e1ctica para llegar a la Ciudad de M\u00e9xico desde diferentes destinos. Adem\u00e1s, puedes elegir entre distintos horarios de acuerdo con tu itinerario.<\/p>\n\n\n\n<p class=\"wp-block-paragraph\">Antes de comprar, revisa las <strong>salidas de autobuses<\/strong> y confirma a qu\u00e9 terminal llegar\u00e1s. La capital cuenta con distintas centrales, por lo que debes calcular el traslado desde tu punto de llegada hasta la zona del desfile.<\/p>\n\n\n\n<p class=\"wp-block-paragraph\">Para organizar mejor tu recorrido:<\/p>\n\n\n\n<ul class=\"wp-block-list\">\n<li><strong>Compra tus boletos con anticipaci\u00f3n.<\/strong><\/li>\n\n\n\n<li><strong>Revisa la ubicaci\u00f3n de tu central de autobuses.<\/strong><\/li>\n\n\n\n<li><strong>Calcula tiempo adicional para los traslados.<\/strong><\/li>\n\n\n\n<li><strong>Consulta los cierres viales antes de salir.<\/strong><\/li>\n\n\n\n<li><strong>Evita llevar equipaje innecesario al desfile.<\/strong><\/li>\n\n\n\n<li><strong>Define un punto de reuni\u00f3n con tus acompa\u00f1antes.<\/strong><\/li>\n\n\n\n<li><strong>Guarda tus boletos y documentos en un lugar seguro.<\/strong><\/li>\n\n\n\n<li><strong>Verifica el horario de regreso.<\/strong><\/li>\n<\/ul>\n\n\n\n<p class=\"wp-block-paragraph\">Adem\u00e1s, considera que algunas calles y estaciones cercanas podr\u00edan cerrar temporalmente. Por lo tanto, revisa la informaci\u00f3n de movilidad antes de comenzar tu recorrido.<\/p>\n\n\n\n<h2 class=\"wp-block-heading\">\u00bfQu\u00e9 terminales puedes considerar para llegar a CDMX?<\/h2>\n\n\n\n<p class=\"wp-block-paragraph\">La terminal adecuada depender\u00e1 de tu ciudad de origen y de la ruta que selecciones. Antes de viajar, confirma en tu boleto la direcci\u00f3n completa de llegada.<\/p>\n\n\n\n<p class=\"wp-block-paragraph\">Tambi\u00e9n revisa cu\u00e1nto tiempo necesitar\u00e1s para trasladarte desde la <strong>central de autobuses<\/strong> hasta el Centro Hist\u00f3rico. Durante el desfile, los recorridos dentro de la ciudad podr\u00edan tardar m\u00e1s de lo habitual.<\/p>\n\n\n\n<p class=\"wp-block-paragraph\">Por otro lado, no confundas la hora de llegada a la terminal con la hora en la que podr\u00e1s estar en la ruta del evento. Incluye un margen adicional para guardar equipaje, desplazarte y localizar un acceso disponible.<\/p>\n\n\n\n<h2 class=\"wp-block-heading\">\u00bfC\u00f3mo comprar boletos para viajar al desfile?<\/h2>\n\n\n\n<p class=\"wp-block-paragraph\">Para <strong>comprar boletos para viajar<\/strong>, entra al sitio oficial de Costa Line y selecciona tu ciudad de origen, destino, fecha de salida y fecha de regreso.<\/p>\n\n\n\n<p class=\"wp-block-paragraph\">Despu\u00e9s, compara las <strong>salidas de autobuses<\/strong> disponibles. Elige un horario que te permita llegar varias horas antes del inicio del evento.<\/p>\n\n\n\n<p class=\"wp-block-paragraph\">Tambi\u00e9n puedes revisar los <strong>precios de boletos de autob\u00fas<\/strong> antes de completar la compra. Las tarifas dependen de la ruta, la fecha, el horario y la disponibilidad.<\/p>\n\n\n\n<p class=\"wp-block-paragraph\">Sigue estos pasos:<\/p>\n\n\n\n<ol class=\"wp-block-list\">\n<li><strong>Selecciona tu origen y destino.<\/strong><\/li>\n\n\n\n<li><strong>Indica las fechas del viaje.<\/strong><\/li>\n\n\n\n<li><strong>Consulta los horarios disponibles.<\/strong><\/li>\n\n\n\n<li><strong>Elige el servicio que prefieras.<\/strong><\/li>\n\n\n\n<li><strong>Ingresa los datos de los pasajeros.<\/strong><\/li>\n\n\n\n<li><strong>Revisa la informaci\u00f3n de tu recorrido.<\/strong><\/li>\n\n\n\n<li><strong>Completa el pago.<\/strong><\/li>\n\n\n\n<li><strong>Guarda la confirmaci\u00f3n de compra.<\/strong><\/li>\n<\/ol>\n\n\n\n<p class=\"wp-block-paragraph\">Debido a la demanda que generan los fines de semana largos y las celebraciones nacionales, conviene adquirir tus <strong>boletos de autob\u00fas<\/strong> con anticipaci\u00f3n.<\/p>\n\n\n\n<h2 class=\"wp-block-heading\">\u00bfQu\u00e9 comodidades puedes encontrar durante el viaje?<\/h2>\n\n\n\n<p class=\"wp-block-paragraph\">Las amenidades dependen de la unidad, el servicio y la ruta seleccionada. Sin embargo, en servicios participantes puedes encontrar opciones dise\u00f1adas para disfrutar un trayecto c\u00f3modo.<\/p>\n\n\n\n<p class=\"wp-block-paragraph\">Entre ellas pueden incluirse:<\/p>\n\n\n\n<ul class=\"wp-block-list\">\n<li>\ud83d\udcba Asientos c\u00f3modos y reclinables.<\/li>\n\n\n\n<li>\ud83d\udebb Sanitario dentro de la unidad.<\/li>\n\n\n\n<li>\ud83d\udd0c Conexiones el\u00e9ctricas o puertos USB.<\/li>\n\n\n\n<li>\u2744\ufe0f Aire acondicionado.<\/li>\n\n\n\n<li>\ud83e\uddf3 Espacio destinado para equipaje.<\/li>\n<\/ul>\n\n\n\n<p class=\"wp-block-paragraph\">Antes de comprar, verifica las caracter\u00edsticas del servicio seleccionado. De esta manera, podr\u00e1s elegir la alternativa que mejor responda a tus necesidades.<\/p>\n\n\n\n<h2 class=\"wp-block-heading\">\u00bfQu\u00e9 debes llevar al Desfile de la Revoluci\u00f3n Mexicana?<\/h2>\n\n\n\n<p class=\"wp-block-paragraph\">Preparar algunos art\u00edculos b\u00e1sicos puede ayudarte a disfrutar mejor la experiencia. Sin embargo, procura viajar ligero y mantener tus pertenencias siempre a la vista.<\/p>\n\n\n\n<p class=\"wp-block-paragraph\">Te recomendamos llevar:<\/p>\n\n\n\n<ul class=\"wp-block-list\">\n<li><strong>Ropa c\u00f3moda.<\/strong><\/li>\n\n\n\n<li><strong>Calzado adecuado para caminar.<\/strong><\/li>\n\n\n\n<li><strong>Agua para mantenerte hidratado.<\/strong><\/li>\n\n\n\n<li><strong>Protector solar.<\/strong><\/li>\n\n\n\n<li><strong>Gorra o sombrero.<\/strong><\/li>\n\n\n\n<li><strong>Una chamarra ligera.<\/strong><\/li>\n\n\n\n<li><strong>Identificaci\u00f3n personal.<\/strong><\/li>\n\n\n\n<li><strong>Bater\u00eda port\u00e1til para el celular.<\/strong><\/li>\n\n\n\n<li><strong>Dinero y tarjetas en un lugar seguro.<\/strong><\/li>\n\n\n\n<li><strong>Los datos de tu viaje de regreso.<\/strong><\/li>\n<\/ul>\n\n\n\n<p class=\"wp-block-paragraph\">Adem\u00e1s, revisa el pron\u00f3stico del tiempo antes de salir. Las condiciones de noviembre pueden cambiar durante el d\u00eda.<\/p>\n\n\n\n<h2 class=\"wp-block-heading\">\u00bfQu\u00e9 recomendaciones debes seguir para disfrutar el evento?<\/h2>\n\n\n\n<p class=\"wp-block-paragraph\">En primer lugar, llega con anticipaci\u00f3n y respeta las indicaciones del personal de seguridad. Tambi\u00e9n identifica las salidas, los puntos de atenci\u00f3n y las zonas con mayor concentraci\u00f3n de personas.<\/p>\n\n\n\n<p class=\"wp-block-paragraph\">Si asistes con ni\u00f1as o ni\u00f1os, acuerden un punto de reuni\u00f3n. Adem\u00e1s, coloca una tarjeta con datos de contacto en un lugar seguro de su ropa o mochila.<\/p>\n\n\n\n<p class=\"wp-block-paragraph\">Durante el desfile:<\/p>\n\n\n\n<ul class=\"wp-block-list\">\n<li><strong>Mant\u00e9n tus objetos personales cerca de ti.<\/strong><\/li>\n\n\n\n<li><strong>No bloquees accesos ni salidas.<\/strong><\/li>\n\n\n\n<li><strong>Respeta las \u00e1reas restringidas.<\/strong><\/li>\n\n\n\n<li><strong>Evita subirte a estructuras o mobiliario urbano.<\/strong><\/li>\n\n\n\n<li><strong>Sigue las indicaciones oficiales.<\/strong><\/li>\n\n\n\n<li><strong>No pierdas de vista a menores de edad.<\/strong><\/li>\n\n\n\n<li><strong>Ubica los servicios de emergencia.<\/strong><\/li>\n\n\n\n<li><strong>Consulta \u00fanicamente informaci\u00f3n oficial.<\/strong><\/li>\n<\/ul>\n\n\n\n<p class=\"wp-block-paragraph\">Por otro lado, considera que la se\u00f1al del tel\u00e9fono puede saturarse debido a la cantidad de asistentes. Acuerda con tus acompa\u00f1antes qu\u00e9 hacer si pierden comunicaci\u00f3n.<\/p>\n\n\n\n<h2 class=\"wp-block-heading\">\u00bfQu\u00e9 lugares puedes visitar despu\u00e9s del desfile?<\/h2>\n\n\n\n<p class=\"wp-block-paragraph\">La zona central de la CDMX cuenta con diferentes espacios hist\u00f3ricos y culturales. Despu\u00e9s del evento, puedes continuar tu recorrido seg\u00fan los accesos y horarios disponibles.<\/p>\n\n\n\n<p class=\"wp-block-paragraph\">Algunos lugares que puedes considerar son:<\/p>\n\n\n\n<ul class=\"wp-block-list\">\n<li><strong>El Monumento a la Revoluci\u00f3n.<\/strong><\/li>\n\n\n\n<li><strong>El Museo Nacional de la Revoluci\u00f3n.<\/strong><\/li>\n\n\n\n<li><strong>La Alameda Central.<\/strong><\/li>\n\n\n\n<li><strong>El Palacio de Bellas Artes.<\/strong><\/li>\n\n\n\n<li><strong>El Z\u00f3calo.<\/strong><\/li>\n\n\n\n<li><strong>La calle Francisco I. Madero.<\/strong><\/li>\n\n\n\n<li><strong>El Museo Nacional de Historia.<\/strong><\/li>\n\n\n\n<li><strong>El Bosque de Chapultepec.<\/strong><\/li>\n<\/ul>\n\n\n\n<p class=\"wp-block-paragraph\">Sin embargo, consulta previamente sus horarios. Los cierres viales o las actividades conmemorativas pueden modificar temporalmente los accesos.<\/p>\n\n\n\n<h2 class=\"wp-block-heading\">\u00bfPor qu\u00e9 viajar al Desfile de la Revoluci\u00f3n Mexicana en CDMX?<\/h2>\n\n\n\n<p class=\"wp-block-paragraph\">Presenciar el desfile te permite acercarte a la historia nacional mediante representaciones, m\u00fasica y actividades conmemorativas.<\/p>\n\n\n\n<p class=\"wp-block-paragraph\">Adem\u00e1s, puedes complementar tu experiencia con una visita a museos y monumentos relacionados con la Revoluci\u00f3n Mexicana. De esta manera, el viaje combina aprendizaje, cultura y entretenimiento.<\/p>\n\n\n\n<p class=\"wp-block-paragraph\">Organiza tu itinerario con anticipaci\u00f3n, consulta las <strong>rutas de autob\u00fas<\/strong> y revisa las terminales disponibles. As\u00ed podr\u00e1s aprovechar mejor tu visita a la capital.<\/p>\n\n\n\n<h2 class=\"wp-block-heading\">Planea tu viaje al desfile con Costa Line<\/h2>\n\n\n\n<p class=\"wp-block-paragraph\">El <strong>Desfile Revoluci\u00f3n CDMX 2026<\/strong> se realizar\u00e1 en el marco de la conmemoraci\u00f3n del 20 de noviembre. No obstante, el horario y la ruta oficial todav\u00eda deben ser confirmados por las autoridades.<\/p>\n\n\n\n<p class=\"wp-block-paragraph\">Mientras se publica el programa definitivo, puedes revisar las opciones de viaje, comparar los <strong>precios de boletos de autob\u00fas<\/strong> y elegir tus fechas.<\/p>\n\n\n\n<p class=\"wp-block-paragraph\">Disfruta el camino y prep\u00e1rate para vivir una de las conmemoraciones m\u00e1s importantes de M\u00e9xico. <strong>Compra tus boletos de autob\u00fas con Costa Line<\/strong> y organiza con anticipaci\u00f3n tu pr\u00f3xima visita a la CDMX.<\/p>\n\n\n\n<hr class=\"wp-block-separator has-alpha-channel-opacity\"\/>\n\n\n\n<h2 class=\"wp-block-heading\">Preguntas frecuentes<\/h2>\n\n\n\n<h3 class=\"wp-block-heading\">\u00bfCu\u00e1ndo ser\u00e1 el Desfile de la Revoluci\u00f3n Mexicana en CDMX 2026?<\/h3>\n\n\n\n<p class=\"wp-block-paragraph\">La conmemoraci\u00f3n se realizar\u00e1 el viernes 20 de noviembre de 2026. El horario y el programa definitivo todav\u00eda est\u00e1n pendientes de confirmaci\u00f3n oficial.<\/p>\n\n\n\n<h3 class=\"wp-block-heading\">\u00bfA qu\u00e9 hora comenzar\u00e1 el desfile?<\/h3>\n\n\n\n<p class=\"wp-block-paragraph\">Se recomienda consultar los avisos publicados durante los d\u00edas previos al evento.<\/p>\n\n\n\n<h3 class=\"wp-block-heading\">\u00bfCu\u00e1l ser\u00e1 la ruta del desfile de 2026?<\/h3>\n\n\n\n<p class=\"wp-block-paragraph\">La ruta oficial a\u00fan no se ha publicado. El recorrido puede cambiar respecto a ediciones anteriores, por lo que debes consultar los comunicados de las autoridades.<\/p>\n\n\n\n<h3 class=\"wp-block-heading\">\u00bfEl 20 de noviembre de 2026 ser\u00e1 descanso obligatorio?<\/h3>\n\n\n\n<p class=\"wp-block-paragraph\">No. En 2026, el descanso obligatorio por la conmemoraci\u00f3n de la Revoluci\u00f3n Mexicana corresponder\u00e1 al lunes 16 de noviembre. La fecha hist\u00f3rica ser\u00e1 el viernes 20.<\/p>\n\n\n\n<h3 class=\"wp-block-heading\">\u00bfC\u00f3mo puedo comprar boletos de autob\u00fas para ir a CDMX?<\/h3>\n\n\n\n<p class=\"wp-block-paragraph\">Ingresa al sitio oficial de Costa Line, selecciona tu origen, destino y fechas, compara los horarios disponibles y completa tu compra.<\/p>\n\n\n\n<h3 class=\"wp-block-heading\">Servicios Costa Line: Seguridad, Comodidad y Puntualidad<\/h3>\n\n\n\n<ul class=\"wp-block-list\">\n<li><strong>Seguridad:<\/strong>\u00a0Nuestra flota de autobuses est\u00e1 equipada con tecnolog\u00eda de punta y se somete a rigurosos controles de mantenimiento. Contamos con conductores profesionales altamente capacitados para garantizar que llegues a tu destino sin contratiempos.<\/li>\n\n\n\n<li><strong>Comodidad:<\/strong>\u00a0Nuestros autobuses ofrecen asientos reclinables, aire acondicionado y amplios espacios para tus pertenencias, lo que se traduce en un viaje confortable y relajante.<\/li>\n\n\n\n<li><strong>Puntualidad:<\/strong>\u00a0Entendemos la importancia de los horarios para nuestros clientes. Por ello, nuestros autobuses cumplen estrictamente con los tiempos programados, permiti\u00e9ndote disfrutar de cada minuto.<\/li>\n<\/ul>\n\n\n\n<p class=\"wp-block-paragraph\">Te invitamos a aprovechar esta excelente oportunidad de viajar a nuestros diferentes destinos que tenemos para ti. Adquiere tus boletos en nuestra p\u00e1gina web&nbsp;<a href=\"http:\/\/www.costaline.com.mx.\/\">www.costaline.com.mx.<\/a><\/p>\n\n\n\n<script type=\"application\/ld+json\">\n{\n  \"@context\": \"https:\/\/schema.org\",\n  \"@graph\": [\n    {\n      \"@type\": \"BlogPosting\",\n      \"@id\": \"URL-DEL-ARTICULO#blogposting\",\n      \"mainEntityOfPage\": {\n        \"@type\": \"WebPage\",\n        \"@id\": \"URL-DEL-ARTICULO\"\n      },\n      \"headline\": \"Desfile Revoluci\u00f3n Mexicana en CDMX: Todo lo que necesitas saber\",\n      \"description\": \"Conoce la fecha, la informaci\u00f3n disponible y las recomendaciones para asistir al Desfile de la Revoluci\u00f3n Mexicana en CDMX 2026.\",\n      \"image\": {\n        \"@type\": \"ImageObject\",\n        \"url\": \"URL-DE-LA-IMAGEN-DESTACADA\",\n        \"caption\": \"Desfile de la Revoluci\u00f3n Mexicana en CDMX\"\n      },\n      \"author\": {\n        \"@type\": \"Person\",\n        \"name\": \"Especialista en viajes\"\n      },\n      \"publisher\": {\n        \"@type\": \"Organization\",\n        \"name\": \"Costa Line\",\n        \"url\": \"https:\/\/costaline.com.mx\/\",\n        \"logo\": {\n          \"@type\": \"ImageObject\",\n          \"url\": \"URL-DEL-LOGOTIPO\"\n        }\n      },\n      \"datePublished\": \"FECHA-ORIGINAL-DE-PUBLICACION\",\n      \"dateModified\": \"2026-07-22\",\n      \"inLanguage\": \"es-MX\",\n      \"keywords\": [\n        \"Desfile Revoluci\u00f3n CDMX\",\n        \"Desfile Revoluci\u00f3n Mexicana 2026\",\n        \"boletos de autob\u00fas\",\n        \"rutas de autob\u00fas\",\n        \"viajes en autob\u00fas\",\n        \"central de autobuses\"\n      ],\n      \"about\": {\n        \"@type\": \"Event\",\n        \"name\": \"Desfile de la Revoluci\u00f3n Mexicana en CDMX 2026\",\n        \"startDate\": \"2026-11-20\",\n        \"eventStatus\": \"https:\/\/schema.org\/EventScheduled\",\n        \"eventAttendanceMode\": \"https:\/\/schema.org\/OfflineEventAttendanceMode\",\n        \"location\": {\n          \"@type\": \"Place\",\n          \"name\": \"Ciudad de M\u00e9xico\",\n          \"address\": {\n            \"@type\": \"PostalAddress\",\n            \"addressLocality\": \"Ciudad de M\u00e9xico\",\n            \"addressCountry\": \"MX\"\n          }\n        }\n      }\n    },\n    {\n      \"@type\": \"BusTrip\",\n      \"@id\": \"URL-DEL-ARTICULO#bustrip\",\n      \"name\": \"Viaje en autob\u00fas a la Ciudad de M\u00e9xico con Costa Line\",\n      \"description\": \"Opciones de viaje terrestre para asistir a la conmemoraci\u00f3n de la Revoluci\u00f3n Mexicana en la CDMX.\",\n      \"provider\": {\n        \"@type\": \"Organization\",\n        \"name\": \"Costa Line\",\n        \"url\": \"https:\/\/costaline.com.mx\/\"\n      },\n      \"arrivalBusStop\": {\n        \"@type\": \"BusStop\",\n        \"name\": \"TERMINAL-DE-LLEGADA-SELECCIONADA\",\n        \"address\": {\n          \"@type\": \"PostalAddress\",\n          \"addressLocality\": \"Ciudad de M\u00e9xico\",\n          \"addressCountry\": \"MX\"\n        }\n      },\n      \"offers\": {\n        \"@type\": \"AggregateOffer\",\n        \"url\": \"URL-DEL-MOTOR-DE-COMPRA\",\n        \"priceCurrency\": \"MXN\",\n        \"lowPrice\": \"600\",\n        \"highPrice\": \"1500\",\n        \"availability\": \"https:\/\/schema.org\/InStock\"\n      }\n    },\n    {\n      \"@type\": \"FAQPage\",\n      \"@id\": \"URL-DEL-ARTICULO#faq\",\n      \"mainEntity\": [\n        {\n          \"@type\": \"Question\",\n          \"name\": \"\u00bfCu\u00e1ndo ser\u00e1 el Desfile de la Revoluci\u00f3n Mexicana en CDMX 2026?\",\n          \"acceptedAnswer\": {\n            \"@type\": \"Answer\",\n            \"text\": \"La conmemoraci\u00f3n tendr\u00e1 lugar el viernes 20 de noviembre de 2026. El horario y el programa definitivo todav\u00eda est\u00e1n pendientes de confirmaci\u00f3n oficial.\"\n          }\n        },\n        {\n          \"@type\": \"Question\",\n          \"name\": \"\u00bfA qu\u00e9 hora comenzar\u00e1 el desfile?\",\n          \"acceptedAnswer\": {\n            \"@type\": \"Answer\",\n            \"text\": \"Hasta el 22 de julio de 2026, las autoridades no han anunciado la hora oficial del desfile.\"\n          }\n        },\n        {\n          \"@type\": \"Question\",\n          \"name\": \"\u00bfCu\u00e1l ser\u00e1 la ruta del desfile de 2026?\",\n          \"acceptedAnswer\": {\n            \"@type\": \"Answer\",\n            \"text\": \"La ruta oficial todav\u00eda no se ha publicado. El recorrido puede cambiar respecto a las ediciones anteriores.\"\n          }\n        },\n        {\n          \"@type\": \"Question\",\n          \"name\": \"\u00bfEl 20 de noviembre de 2026 ser\u00e1 descanso obligatorio?\",\n          \"acceptedAnswer\": {\n            \"@type\": \"Answer\",\n            \"text\": \"No. En 2026, el descanso obligatorio corresponder\u00e1 al lunes 16 de noviembre. La fecha hist\u00f3rica ser\u00e1 el viernes 20 de noviembre.\"\n          }\n        },\n        {\n          \"@type\": \"Question\",\n          \"name\": \"\u00bfC\u00f3mo puedo comprar boletos de autob\u00fas para ir a CDMX?\",\n          \"acceptedAnswer\": {\n            \"@type\": \"Answer\",\n            \"text\": \"Ingresa al sitio oficial de Costa Line, selecciona tu origen, destino y fechas, compara los horarios disponibles y completa la compra.\"\n          }\n        }\n      ]\n    }\n  ]\n}\n<\/script>\n\n\n\n<p class=\"wp-block-paragraph\"><\/p>\n","protected":false},"excerpt":{"rendered":"<p>El Desfile de la Revoluci\u00f3n Mexicana en CDMX es una de las conmemoraciones c\u00edvicas m\u00e1s importantes del pa\u00eds. Cada a\u00f1o, la capital recibe a miles de visitantes que desean observar contingentes, representaciones hist\u00f3ricas y actividades relacionadas con este acontecimiento. La Revoluci\u00f3n Mexicana se conmemora el 20 de noviembre. En 2026, esta fecha caer\u00e1 en viernes y recordar\u00e1 el 116 aniversario del inicio del movimiento revolucionario de 1910. Si quieres presenciar el desfile, puedes preparar desde ahora tu visita. Consulta las rutas de autob\u00fas, revisa las terminales disponibles y compra tus boletos de autob\u00fas con anticipaci\u00f3n. \u00bfCu\u00e1ndo ser\u00e1 el Desfile Revoluci\u00f3n CDMX 2026? La conmemoraci\u00f3n de la Revoluci\u00f3n Mexicana tendr\u00e1 lugar el viernes 20 de noviembre de 2026. Sin embargo, el horario y el programa oficial del desfile todav\u00eda no se han publicado. Viaja a CDMX. Planea tu viaje con Costa Line. Comprar ahora Por lo tanto, evita tomar como definitivos los horarios que circulen sin respaldo oficial. Las autoridades suelen comunicar la hora de inicio, el recorrido y los cierres viales cuando se acerca la fecha. Adem\u00e1s, debes distinguir entre la fecha hist\u00f3rica y el descanso obligatorio. La Ley Federal del Trabajo establece el tercer lunes de noviembre como d\u00eda de descanso obligatorio en conmemoraci\u00f3n del 20 de noviembre. En 2026, este descanso corresponder\u00e1 al lunes 16 de noviembre. Puedes consultar esta disposici\u00f3n en el art\u00edculo 74 de la Ley Federal del Trabajo. \u00bfCu\u00e1l ser\u00e1 la ruta del Desfile de la Revoluci\u00f3n Mexicana en CDMX? La ruta oficial del desfile de 2026 todav\u00eda est\u00e1 pendiente de confirmaci\u00f3n. El recorrido puede cambiar por cuestiones de organizaci\u00f3n, seguridad, actividades simult\u00e1neas o cierres en el Centro Hist\u00f3rico. En 2024, el desfile sali\u00f3 del Z\u00f3calo y avanz\u00f3 por 5 de Mayo, Eje Central, avenida Ju\u00e1rez y Paseo de la Reforma hasta Campo Marte. La Secretar\u00eda de Seguridad Ciudadana de la CDMX public\u00f3 ese recorrido. En cambio, durante 2025 el trayecto termin\u00f3 en el Monumento a la Revoluci\u00f3n. Por lo tanto, no conviene asegurar que alguna de estas rutas se repetir\u00e1 en 2026. Cuando se publique el programa oficial, revisa principalmente estos datos: \u00bfQu\u00e9 podr\u00e1s ver durante el desfile? El contenido del desfile puede variar cada a\u00f1o. No obstante, generalmente combina elementos c\u00edvicos, hist\u00f3ricos y culturales relacionados con la Revoluci\u00f3n Mexicana. De acuerdo con los programas realizados en ediciones anteriores, podr\u00edas encontrar: Adem\u00e1s, las actividades buscan acercar al p\u00fablico a uno de los procesos sociales y pol\u00edticos m\u00e1s importantes de M\u00e9xico. La programaci\u00f3n definitiva depender\u00e1 del anuncio oficial correspondiente a 2026. \u00bfPor qu\u00e9 se celebra la Revoluci\u00f3n Mexicana el 20 de noviembre? La conmemoraci\u00f3n recuerda el llamado realizado por Francisco I. Madero para iniciar un levantamiento contra el gobierno de Porfirio D\u00edaz el 20 de noviembre de 1910. El movimiento surgi\u00f3 despu\u00e9s de un largo periodo de desigualdad pol\u00edtica, econ\u00f3mica y social. Adem\u00e1s, diferentes grupos reclamaban elecciones democr\u00e1ticas, mejores condiciones laborales y una distribuci\u00f3n m\u00e1s justa de la tierra. Aunque el proceso revolucionario se extendi\u00f3 durante varios a\u00f1os y reuni\u00f3 distintas causas y l\u00edderes, el 20 de noviembre qued\u00f3 establecido como su fecha representativa. El Instituto Nacional de Estudios Hist\u00f3ricos de las Revoluciones de M\u00e9xico conserva materiales para conocer con mayor profundidad los sucesos de esta etapa. \u00bfQui\u00e9nes fueron los personajes principales de la Revoluci\u00f3n Mexicana? La Revoluci\u00f3n Mexicana no tuvo un solo protagonista. Por el contrario, participaron diferentes l\u00edderes, movimientos regionales y grupos sociales. Entre los personajes m\u00e1s reconocidos se encuentran: Francisco I. Madero Francisco I. Madero impuls\u00f3 el movimiento antirreeleccionista y llam\u00f3 al levantamiento del 20 de noviembre de 1910 mediante el Plan de San Luis. Adem\u00e1s, defendi\u00f3 la celebraci\u00f3n de elecciones democr\u00e1ticas. Su movimiento contribuy\u00f3 a terminar con el largo gobierno de Porfirio D\u00edaz. Emiliano Zapata Emiliano Zapata encabez\u00f3 el movimiento campesino en el sur de M\u00e9xico. Su lucha se relacion\u00f3 principalmente con la restituci\u00f3n de tierras y los derechos de las comunidades rurales. Por ello, su figura contin\u00faa vinculada con la justicia agraria y la defensa del campo mexicano. Francisco Villa Francisco Villa fue uno de los principales l\u00edderes revolucionarios del norte del pa\u00eds. Encabez\u00f3 la Divisi\u00f3n del Norte y tuvo una participaci\u00f3n decisiva en diferentes etapas del conflicto. Venustiano Carranza Venustiano Carranza lider\u00f3 el movimiento constitucionalista. Posteriormente, convoc\u00f3 al Congreso Constituyente que redact\u00f3 la Constituci\u00f3n Pol\u00edtica de 1917. Carmen Serd\u00e1n Carmen Serd\u00e1n particip\u00f3 activamente en el movimiento antirreeleccionista. Su trabajo y el de otras mujeres fue fundamental para organizar, comunicar y sostener distintas acciones revolucionarias. \u00bfC\u00f3mo llegar al desfile si viajas en autob\u00fas? Los viajes en autob\u00fas representan una alternativa pr\u00e1ctica para llegar a la Ciudad de M\u00e9xico desde diferentes destinos. Adem\u00e1s, puedes elegir entre distintos horarios de acuerdo con tu itinerario. Antes de comprar, revisa las salidas de autobuses y confirma a qu\u00e9 terminal llegar\u00e1s. La capital cuenta con distintas centrales, por lo que debes calcular el traslado desde tu punto de llegada hasta la zona del desfile. Para organizar mejor tu recorrido: Adem\u00e1s, considera que algunas calles y estaciones cercanas podr\u00edan cerrar temporalmente. Por lo tanto, revisa la informaci\u00f3n de movilidad antes de comenzar tu recorrido. \u00bfQu\u00e9 terminales puedes considerar para llegar a CDMX? La terminal adecuada depender\u00e1 de tu ciudad de origen y de la ruta que selecciones. Antes de viajar, confirma en tu boleto la direcci\u00f3n completa de llegada. Tambi\u00e9n revisa cu\u00e1nto tiempo necesitar\u00e1s para trasladarte desde la central de autobuses hasta el Centro Hist\u00f3rico. Durante el desfile, los recorridos dentro de la ciudad podr\u00edan tardar m\u00e1s de lo habitual. Por otro lado, no confundas la hora de llegada a la terminal con la hora en la que podr\u00e1s estar en la ruta del evento. Incluye un margen adicional para guardar equipaje, desplazarte y localizar un acceso disponible. \u00bfC\u00f3mo comprar boletos para viajar al desfile? Para comprar boletos para viajar, entra al sitio oficial de Costa Line y selecciona tu ciudad de origen, destino, fecha de salida y fecha de regreso. Despu\u00e9s, compara las salidas de autobuses disponibles. Elige un horario que te permita llegar varias horas antes del inicio del evento. Tambi\u00e9n puedes revisar<\/p>\n","protected":false},"author":8,"featured_media":2769,"comment_status":"open","ping_status":"open","sticky":false,"template":"","format":"standard","meta":{"site-sidebar-layout":"default","site-content-layout":"","ast-site-content-layout":"default","site-content-style":"default","site-sidebar-style":"default","ast-global-header-display":"","ast-banner-title-visibility":"","ast-main-header-display":"","ast-hfb-above-header-display":"","ast-hfb-below-header-display":"","ast-hfb-mobile-header-display":"","site-post-title":"","ast-breadcrumbs-content":"","ast-featured-img":"","footer-sml-layout":"","ast-disable-related-posts":"","theme-transparent-header-meta":"","adv-header-id-meta":"","stick-header-meta":"","header-above-stick-meta":"","header-main-stick-meta":"","header-below-stick-meta":"","astra-migrate-meta-layouts":"default","ast-page-background-enabled":"default","ast-page-background-meta":{"desktop":{"background-color":"var(--ast-global-color-4)","background-image":"","background-repeat":"repeat","background-position":"center center","background-size":"auto","background-attachment":"scroll","background-type":"","background-media":"","overlay-type":"","overlay-color":"","overlay-opacity":"","overlay-gradient":""},"tablet":{"background-color":"","background-image":"","background-repeat":"repeat","background-position":"center center","background-size":"auto","background-attachment":"scroll","background-type":"","background-media":"","overlay-type":"","overlay-color":"","overlay-opacity":"","overlay-gradient":""},"mobile":{"background-color":"","background-image":"","background-repeat":"repeat","background-position":"center center","background-size":"auto","background-attachment":"scroll","background-type":"","background-media":"","overlay-type":"","overlay-color":"","overlay-opacity":"","overlay-gradient":""}},"ast-content-background-meta":{"desktop":{"background-color":"var(--ast-global-color-5)","background-image":"","background-repeat":"repeat","background-position":"center center","background-size":"auto","background-attachment":"scroll","background-type":"","background-media":"","overlay-type":"","overlay-color":"","overlay-opacity":"","overlay-gradient":""},"tablet":{"background-color":"var(--ast-global-color-5)","background-image":"","background-repeat":"repeat","background-position":"center center","background-size":"auto","background-attachment":"scroll","background-type":"","background-media":"","overlay-type":"","overlay-color":"","overlay-opacity":"","overlay-gradient":""},"mobile":{"background-color":"var(--ast-global-color-5)","background-image":"","background-repeat":"repeat","background-position":"center center","background-size":"auto","background-attachment":"scroll","background-type":"","background-media":"","overlay-type":"","overlay-color":"","overlay-opacity":"","overlay-gradient":""}},"footnotes":""},"categories":[3,16,27,52],"tags":[],"class_list":["post-724","post","type-post","status-publish","format-standard","has-post-thumbnail","hentry","category-boletos-de-autobus","category-boletos-de-camion","category-ciudad-de-mexico","category-eventos"],"yoast_head":"<!-- This site is optimized with the Yoast SEO plugin v28.0 - https:\/\/yoast.com\/product\/yoast-seo-wordpress\/ -->\n<title>Desfile Revoluci\u00f3n CDMX 2024: Fechas, Horarios y Detalles<\/title>\n<meta name=\"description\" content=\"Descubre todos los detalles del Desfile Revoluci\u00f3n CDMX 2024. Fechas, horarios, ruta del desfile y m\u00e1s informaci\u00f3n.\" \/>\n<meta name=\"robots\" content=\"index, follow, max-snippet:-1, max-image-preview:large, max-video-preview:-1\" \/>\n<link rel=\"canonical\" href=\"https:\/\/costaline.com.mx\/blog\/desfile-revolucion-cdmx-2024\/\" \/>\n<meta property=\"og:locale\" content=\"es_MX\" \/>\n<meta property=\"og:type\" content=\"article\" \/>\n<meta property=\"og:title\" content=\"Desfile Revoluci\u00f3n CDMX 2024: Fechas, Horarios y Detalles\" \/>\n<meta property=\"og:description\" content=\"Descubre todos los detalles del Desfile Revoluci\u00f3n CDMX 2024. Fechas, horarios, ruta del desfile y m\u00e1s informaci\u00f3n.\" \/>\n<meta property=\"og:url\" content=\"https:\/\/costaline.com.mx\/blog\/desfile-revolucion-cdmx-2024\/\" \/>\n<meta property=\"og:site_name\" content=\"Blog AERS Costaline\" \/>\n<meta property=\"article:published_time\" content=\"2024-11-19T23:39:09+00:00\" \/>\n<meta property=\"article:modified_time\" content=\"2026-07-22T23:15:53+00:00\" \/>\n<meta name=\"author\" content=\"Costa Line\" \/>\n<meta name=\"twitter:card\" content=\"summary_large_image\" \/>\n<meta name=\"twitter:label1\" content=\"Escrito por\" \/>\n\t<meta name=\"twitter:data1\" content=\"Costa Line\" \/>\n\t<meta name=\"twitter:label2\" content=\"Tiempo de lectura\" \/>\n\t<meta name=\"twitter:data2\" content=\"10 minutos\" \/>\n<script type=\"application\/ld+json\" class=\"yoast-schema-graph\">{\"@context\":\"https:\\\/\\\/schema.org\",\"@graph\":[{\"@type\":\"Article\",\"@id\":\"https:\\\/\\\/costaline.com.mx\\\/blog\\\/desfile-revolucion-cdmx-2024\\\/#article\",\"isPartOf\":{\"@id\":\"https:\\\/\\\/costaline.com.mx\\\/blog\\\/desfile-revolucion-cdmx-2024\\\/\"},\"author\":{\"name\":\"Costa Line\",\"@id\":\"https:\\\/\\\/costaline.com.mx\\\/blog\\\/#\\\/schema\\\/person\\\/8a5d28051d7b4c124af40df098993ed2\"},\"headline\":\"Desfile Revoluci\u00f3n Mexicana en CDMX: Todo lo que necesitas saber\",\"datePublished\":\"2024-11-19T23:39:09+00:00\",\"dateModified\":\"2026-07-22T23:15:53+00:00\",\"mainEntityOfPage\":{\"@id\":\"https:\\\/\\\/costaline.com.mx\\\/blog\\\/desfile-revolucion-cdmx-2024\\\/\"},\"wordCount\":2243,\"commentCount\":0,\"image\":{\"@id\":\"https:\\\/\\\/costaline.com.mx\\\/blog\\\/desfile-revolucion-cdmx-2024\\\/#primaryimage\"},\"thumbnailUrl\":\"https:\\\/\\\/costaline.com.mx\\\/blog\\\/wp-content\\\/uploads\\\/2024\\\/11\\\/ruta-desfile-revolucion-mexicana-cdmx.avif\",\"articleSection\":[\"Boletos de Autobus\",\"Boletos de Cami\u00f3n\",\"Ciudad de M\u00e9xico\",\"Eventos\"],\"inLanguage\":\"es\",\"potentialAction\":[{\"@type\":\"CommentAction\",\"name\":\"Comment\",\"target\":[\"https:\\\/\\\/costaline.com.mx\\\/blog\\\/desfile-revolucion-cdmx-2024\\\/#respond\"]}]},{\"@type\":\"WebPage\",\"@id\":\"https:\\\/\\\/costaline.com.mx\\\/blog\\\/desfile-revolucion-cdmx-2024\\\/\",\"url\":\"https:\\\/\\\/costaline.com.mx\\\/blog\\\/desfile-revolucion-cdmx-2024\\\/\",\"name\":\"Desfile Revoluci\u00f3n CDMX 2024: Fechas, Horarios y Detalles\",\"isPartOf\":{\"@id\":\"https:\\\/\\\/costaline.com.mx\\\/blog\\\/#website\"},\"primaryImageOfPage\":{\"@id\":\"https:\\\/\\\/costaline.com.mx\\\/blog\\\/desfile-revolucion-cdmx-2024\\\/#primaryimage\"},\"image\":{\"@id\":\"https:\\\/\\\/costaline.com.mx\\\/blog\\\/desfile-revolucion-cdmx-2024\\\/#primaryimage\"},\"thumbnailUrl\":\"https:\\\/\\\/costaline.com.mx\\\/blog\\\/wp-content\\\/uploads\\\/2024\\\/11\\\/ruta-desfile-revolucion-mexicana-cdmx.avif\",\"datePublished\":\"2024-11-19T23:39:09+00:00\",\"dateModified\":\"2026-07-22T23:15:53+00:00\",\"author\":{\"@id\":\"https:\\\/\\\/costaline.com.mx\\\/blog\\\/#\\\/schema\\\/person\\\/8a5d28051d7b4c124af40df098993ed2\"},\"description\":\"Descubre todos los detalles del Desfile Revoluci\u00f3n CDMX 2024. Fechas, horarios, ruta del desfile y m\u00e1s informaci\u00f3n.\",\"breadcrumb\":{\"@id\":\"https:\\\/\\\/costaline.com.mx\\\/blog\\\/desfile-revolucion-cdmx-2024\\\/#breadcrumb\"},\"inLanguage\":\"es\",\"potentialAction\":[{\"@type\":\"ReadAction\",\"target\":[\"https:\\\/\\\/costaline.com.mx\\\/blog\\\/desfile-revolucion-cdmx-2024\\\/\"]}]},{\"@type\":\"ImageObject\",\"inLanguage\":\"es\",\"@id\":\"https:\\\/\\\/costaline.com.mx\\\/blog\\\/desfile-revolucion-cdmx-2024\\\/#primaryimage\",\"url\":\"https:\\\/\\\/costaline.com.mx\\\/blog\\\/wp-content\\\/uploads\\\/2024\\\/11\\\/ruta-desfile-revolucion-mexicana-cdmx.avif\",\"contentUrl\":\"https:\\\/\\\/costaline.com.mx\\\/blog\\\/wp-content\\\/uploads\\\/2024\\\/11\\\/ruta-desfile-revolucion-mexicana-cdmx.avif\",\"width\":800,\"height\":533,\"caption\":\"Ruta del Desfile de la Revoluci\u00f3n Mexicana\"},{\"@type\":\"BreadcrumbList\",\"@id\":\"https:\\\/\\\/costaline.com.mx\\\/blog\\\/desfile-revolucion-cdmx-2024\\\/#breadcrumb\",\"itemListElement\":[{\"@type\":\"ListItem\",\"position\":1,\"name\":\"Inicio\",\"item\":\"https:\\\/\\\/costaline.com.mx\\\/blog\\\/\"},{\"@type\":\"ListItem\",\"position\":2,\"name\":\"Desfile Revoluci\u00f3n Mexicana en CDMX: Todo lo que necesitas saber\"}]},{\"@type\":\"WebSite\",\"@id\":\"https:\\\/\\\/costaline.com.mx\\\/blog\\\/#website\",\"url\":\"https:\\\/\\\/costaline.com.mx\\\/blog\\\/\",\"name\":\"Blog AERS Costaline\",\"description\":\"Autotransportes Estrella Roja del Sur\",\"potentialAction\":[{\"@type\":\"SearchAction\",\"target\":{\"@type\":\"EntryPoint\",\"urlTemplate\":\"https:\\\/\\\/costaline.com.mx\\\/blog\\\/?s={search_term_string}\"},\"query-input\":{\"@type\":\"PropertyValueSpecification\",\"valueRequired\":true,\"valueName\":\"search_term_string\"}}],\"inLanguage\":\"es\"},{\"@type\":\"Person\",\"@id\":\"https:\\\/\\\/costaline.com.mx\\\/blog\\\/#\\\/schema\\\/person\\\/8a5d28051d7b4c124af40df098993ed2\",\"name\":\"Costa Line\",\"image\":{\"@type\":\"ImageObject\",\"inLanguage\":\"es\",\"@id\":\"https:\\\/\\\/secure.gravatar.com\\\/avatar\\\/972c44cb62d153f3a3644322de65d35f68a87c12aedab694ff3df52b780d9253?s=96&d=mm&r=g\",\"url\":\"https:\\\/\\\/secure.gravatar.com\\\/avatar\\\/972c44cb62d153f3a3644322de65d35f68a87c12aedab694ff3df52b780d9253?s=96&d=mm&r=g\",\"contentUrl\":\"https:\\\/\\\/secure.gravatar.com\\\/avatar\\\/972c44cb62d153f3a3644322de65d35f68a87c12aedab694ff3df52b780d9253?s=96&d=mm&r=g\",\"caption\":\"Costa Line\"},\"url\":\"https:\\\/\\\/costaline.com.mx\\\/blog\\\/author\\\/costaline\\\/\"}]}<\/script>\n<!-- \/ Yoast SEO plugin. -->","yoast_head_json":{"title":"Desfile Revoluci\u00f3n CDMX 2024: Fechas, Horarios y Detalles","description":"Descubre todos los detalles del Desfile Revoluci\u00f3n CDMX 2024. Fechas, horarios, ruta del desfile y m\u00e1s informaci\u00f3n.","robots":{"index":"index","follow":"follow","max-snippet":"max-snippet:-1","max-image-preview":"max-image-preview:large","max-video-preview":"max-video-preview:-1"},"canonical":"https:\/\/costaline.com.mx\/blog\/desfile-revolucion-cdmx-2024\/","og_locale":"es_MX","og_type":"article","og_title":"Desfile Revoluci\u00f3n CDMX 2024: Fechas, Horarios y Detalles","og_description":"Descubre todos los detalles del Desfile Revoluci\u00f3n CDMX 2024. Fechas, horarios, ruta del desfile y m\u00e1s informaci\u00f3n.","og_url":"https:\/\/costaline.com.mx\/blog\/desfile-revolucion-cdmx-2024\/","og_site_name":"Blog AERS Costaline","article_published_time":"2024-11-19T23:39:09+00:00","article_modified_time":"2026-07-22T23:15:53+00:00","author":"Costa Line","twitter_card":"summary_large_image","twitter_misc":{"Escrito por":"Costa Line","Tiempo de lectura":"10 minutos"},"schema":{"@context":"https:\/\/schema.org","@graph":[{"@type":"Article","@id":"https:\/\/costaline.com.mx\/blog\/desfile-revolucion-cdmx-2024\/#article","isPartOf":{"@id":"https:\/\/costaline.com.mx\/blog\/desfile-revolucion-cdmx-2024\/"},"author":{"name":"Costa Line","@id":"https:\/\/costaline.com.mx\/blog\/#\/schema\/person\/8a5d28051d7b4c124af40df098993ed2"},"headline":"Desfile Revoluci\u00f3n Mexicana en CDMX: Todo lo que necesitas saber","datePublished":"2024-11-19T23:39:09+00:00","dateModified":"2026-07-22T23:15:53+00:00","mainEntityOfPage":{"@id":"https:\/\/costaline.com.mx\/blog\/desfile-revolucion-cdmx-2024\/"},"wordCount":2243,"commentCount":0,"image":{"@id":"https:\/\/costaline.com.mx\/blog\/desfile-revolucion-cdmx-2024\/#primaryimage"},"thumbnailUrl":"https:\/\/costaline.com.mx\/blog\/wp-content\/uploads\/2024\/11\/ruta-desfile-revolucion-mexicana-cdmx.avif","articleSection":["Boletos de Autobus","Boletos de Cami\u00f3n","Ciudad de M\u00e9xico","Eventos"],"inLanguage":"es","potentialAction":[{"@type":"CommentAction","name":"Comment","target":["https:\/\/costaline.com.mx\/blog\/desfile-revolucion-cdmx-2024\/#respond"]}]},{"@type":"WebPage","@id":"https:\/\/costaline.com.mx\/blog\/desfile-revolucion-cdmx-2024\/","url":"https:\/\/costaline.com.mx\/blog\/desfile-revolucion-cdmx-2024\/","name":"Desfile Revoluci\u00f3n CDMX 2024: Fechas, Horarios y Detalles","isPartOf":{"@id":"https:\/\/costaline.com.mx\/blog\/#website"},"primaryImageOfPage":{"@id":"https:\/\/costaline.com.mx\/blog\/desfile-revolucion-cdmx-2024\/#primaryimage"},"image":{"@id":"https:\/\/costaline.com.mx\/blog\/desfile-revolucion-cdmx-2024\/#primaryimage"},"thumbnailUrl":"https:\/\/costaline.com.mx\/blog\/wp-content\/uploads\/2024\/11\/ruta-desfile-revolucion-mexicana-cdmx.avif","datePublished":"2024-11-19T23:39:09+00:00","dateModified":"2026-07-22T23:15:53+00:00","author":{"@id":"https:\/\/costaline.com.mx\/blog\/#\/schema\/person\/8a5d28051d7b4c124af40df098993ed2"},"description":"Descubre todos los detalles del Desfile Revoluci\u00f3n CDMX 2024. Fechas, horarios, ruta del desfile y m\u00e1s informaci\u00f3n.","breadcrumb":{"@id":"https:\/\/costaline.com.mx\/blog\/desfile-revolucion-cdmx-2024\/#breadcrumb"},"inLanguage":"es","potentialAction":[{"@type":"ReadAction","target":["https:\/\/costaline.com.mx\/blog\/desfile-revolucion-cdmx-2024\/"]}]},{"@type":"ImageObject","inLanguage":"es","@id":"https:\/\/costaline.com.mx\/blog\/desfile-revolucion-cdmx-2024\/#primaryimage","url":"https:\/\/costaline.com.mx\/blog\/wp-content\/uploads\/2024\/11\/ruta-desfile-revolucion-mexicana-cdmx.avif","contentUrl":"https:\/\/costaline.com.mx\/blog\/wp-content\/uploads\/2024\/11\/ruta-desfile-revolucion-mexicana-cdmx.avif","width":800,"height":533,"caption":"Ruta del Desfile de la Revoluci\u00f3n Mexicana"},{"@type":"BreadcrumbList","@id":"https:\/\/costaline.com.mx\/blog\/desfile-revolucion-cdmx-2024\/#breadcrumb","itemListElement":[{"@type":"ListItem","position":1,"name":"Inicio","item":"https:\/\/costaline.com.mx\/blog\/"},{"@type":"ListItem","position":2,"name":"Desfile Revoluci\u00f3n Mexicana en CDMX: Todo lo que necesitas saber"}]},{"@type":"WebSite","@id":"https:\/\/costaline.com.mx\/blog\/#website","url":"https:\/\/costaline.com.mx\/blog\/","name":"Blog AERS Costaline","description":"Autotransportes Estrella Roja del Sur","potentialAction":[{"@type":"SearchAction","target":{"@type":"EntryPoint","urlTemplate":"https:\/\/costaline.com.mx\/blog\/?s={search_term_string}"},"query-input":{"@type":"PropertyValueSpecification","valueRequired":true,"valueName":"search_term_string"}}],"inLanguage":"es"},{"@type":"Person","@id":"https:\/\/costaline.com.mx\/blog\/#\/schema\/person\/8a5d28051d7b4c124af40df098993ed2","name":"Costa Line","image":{"@type":"ImageObject","inLanguage":"es","@id":"https:\/\/secure.gravatar.com\/avatar\/972c44cb62d153f3a3644322de65d35f68a87c12aedab694ff3df52b780d9253?s=96&d=mm&r=g","url":"https:\/\/secure.gravatar.com\/avatar\/972c44cb62d153f3a3644322de65d35f68a87c12aedab694ff3df52b780d9253?s=96&d=mm&r=g","contentUrl":"https:\/\/secure.gravatar.com\/avatar\/972c44cb62d153f3a3644322de65d35f68a87c12aedab694ff3df52b780d9253?s=96&d=mm&r=g","caption":"Costa Line"},"url":"https:\/\/costaline.com.mx\/blog\/author\/costaline\/"}]}},"_links":{"self":[{"href":"https:\/\/costaline.com.mx\/blog\/wp-json\/wp\/v2\/posts\/724","targetHints":{"allow":["GET"]}}],"collection":[{"href":"https:\/\/costaline.com.mx\/blog\/wp-json\/wp\/v2\/posts"}],"about":[{"href":"https:\/\/costaline.com.mx\/blog\/wp-json\/wp\/v2\/types\/post"}],"author":[{"embeddable":true,"href":"https:\/\/costaline.com.mx\/blog\/wp-json\/wp\/v2\/users\/8"}],"replies":[{"embeddable":true,"href":"https:\/\/costaline.com.mx\/blog\/wp-json\/wp\/v2\/comments?post=724"}],"version-history":[{"count":7,"href":"https:\/\/costaline.com.mx\/blog\/wp-json\/wp\/v2\/posts\/724\/revisions"}],"predecessor-version":[{"id":2772,"href":"https:\/\/costaline.com.mx\/blog\/wp-json\/wp\/v2\/posts\/724\/revisions\/2772"}],"wp:featuredmedia":[{"embeddable":true,"href":"https:\/\/costaline.com.mx\/blog\/wp-json\/wp\/v2\/media\/2769"}],"wp:attachment":[{"href":"https:\/\/costaline.com.mx\/blog\/wp-json\/wp\/v2\/media?parent=724"}],"wp:term":[{"taxonomy":"category","embeddable":true,"href":"https:\/\/costaline.com.mx\/blog\/wp-json\/wp\/v2\/categories?post=724"},{"taxonomy":"post_tag","embeddable":true,"href":"https:\/\/costaline.com.mx\/blog\/wp-json\/wp\/v2\/tags?post=724"}],"curies":[{"name":"wp","href":"https:\/\/api.w.org\/{rel}","templated":true}]}}