{"id":898,"date":"2025-02-03T21:00:00","date_gmt":"2025-02-03T21:00:00","guid":{"rendered":"https:\/\/costaline.com.mx\/blog\/?p=898"},"modified":"2025-04-03T22:35:35","modified_gmt":"2025-04-03T22:35:35","slug":"dia-mundial-contra-el-cancer-2025","status":"publish","type":"post","link":"https:\/\/costaline.com.mx\/blog\/dia-mundial-contra-el-cancer-2025\/","title":{"rendered":"D\u00eda Mundial contra el C\u00e1ncer: Un Llamado a la Prevenci\u00f3n y la Esperanza"},"content":{"rendered":"\n<p>El 4<strong> de febrero<\/strong> se celebra el D\u00eda Mundial contra el C\u00e1ncer, una fecha clave para reflexionar sobre la importancia de la prevenci\u00f3n, el control de esta enfermedad y el impacto que podemos generar en la vida de miles de personas. En este blog, exploraremos c\u00f3mo podemos contribuir a la lucha contra el c\u00e1ncer y qu\u00e9 medidas podemos tomar para proteger nuestra salud. Costa Line te recuerda la importancia de este d\u00eda y te invita a tomar medidas proactivas para cuidar de tu salud y la de tus seres queridos.<\/p>\n\n\n\n<p class=\"has-medium-font-size\"><strong>\u00bfQu\u00e9 es el D\u00eda Mundial contra el C\u00e1ncer?<\/strong><\/p>\n\n\n\n<p>El D\u00eda Mundial contra el C\u00e1ncer, celebrado cada 4 de febrero, fue establecido por la <strong>Asamblea Mundial de la Salud<\/strong> en 2000 para crear conciencia sobre la prevenci\u00f3n, detecci\u00f3n temprana y tratamiento del c\u00e1ncer. Este d\u00eda nos invita a reflexionar sobre la importancia de la salud y a tomar medidas proactivas para reducir el riesgo de esta enfermedad.<\/p>\n\n\n\n<figure class=\"wp-block-image aligncenter size-full\"><img fetchpriority=\"high\" decoding=\"async\" width=\"375\" height=\"271\" src=\"https:\/\/costaline.com.mx\/blog\/wp-content\/uploads\/2025\/01\/Mesa-de-trabajo-1-2.png\" alt=\"\" class=\"wp-image-899\" srcset=\"https:\/\/costaline.com.mx\/blog\/wp-content\/uploads\/2025\/01\/Mesa-de-trabajo-1-2.png 375w, https:\/\/costaline.com.mx\/blog\/wp-content\/uploads\/2025\/01\/Mesa-de-trabajo-1-2-300x217.png 300w\" sizes=\"(max-width: 375px) 100vw, 375px\" \/><\/figure>\n\n\n\n<p class=\"has-medium-font-size\"><strong>La Importancia de la Prevenci\u00f3n<\/strong><\/p>\n\n\n\n<p>La prevenci\u00f3n es fundamental en la lucha contra el c\u00e1ncer. Adoptar h\u00e1bitos saludables, como una dieta equilibrada, ejercicio regular y evitar el consumo de tabaco, puede reducir significativamente el riesgo de desarrollar c\u00e1ncer. Adem\u00e1s, es crucial realizar chequeos m\u00e9dicos peri\u00f3dicos para detectar cualquier signo temprano de la enfermedad.<\/p>\n\n\n\n<p class=\"has-medium-font-size\"><strong>Detecci\u00f3n Temprana: La Clave del \u00c9xito<\/strong><\/p>\n\n\n\n<p>La detecci\u00f3n temprana del c\u00e1ncer es esencial para aumentar las probabilidades de \u00e9xito en el tratamiento. Realizar ex\u00e1menes m\u00e9dicos regulares y estar atento a los s\u00edntomas puede ayudar a identificar la enfermedad en sus primeras etapas, cuando es m\u00e1s tratable.<\/p>\n\n\n\n<h3 class=\"wp-block-heading\">Viaja con Costa Line<\/h3>\n\n\n\n<p>Viaja c\u00f3modamente con&nbsp;<strong>Costa Line<\/strong>, y disfruta de beneficios como:<\/p>\n\n\n\n<ul class=\"wp-block-list\">\n<li><strong>M\u00e1xima Comodidad:<\/strong>&nbsp;Asientos reclinables, aire acondicionado y entretenimiento a bordo.<\/li>\n\n\n\n<li><strong>Seguridad Garantizada:<\/strong>&nbsp;Conductores capacitados y protocolos de seguridad estrictos.<\/li>\n\n\n\n<li><strong>Tarifas Competitivas:<\/strong>&nbsp;Precios accesibles para viajar con calidad sin afectar tu presupuesto.<\/li>\n<\/ul>\n\n\n\n<p><strong>Compra tus boletos en&nbsp;<\/strong>Costa Line<strong>&nbsp;y prep\u00e1rate para una aventura incre\u00edbl<\/strong>e<\/p>\n\n\n\n<p><\/p>\n","protected":false},"excerpt":{"rendered":"<p>El 4 de febrero se celebra el D\u00eda Mundial contra el C\u00e1ncer, una fecha clave para reflexionar sobre la importancia de la prevenci\u00f3n, el control de esta enfermedad y el impacto que podemos generar en la vida de miles de personas. En este blog, exploraremos c\u00f3mo podemos contribuir a la lucha contra el c\u00e1ncer y qu\u00e9 medidas podemos tomar para proteger nuestra salud. Costa Line te recuerda la importancia de este d\u00eda y te invita a tomar medidas proactivas para cuidar de tu salud y la de tus seres queridos. \u00bfQu\u00e9 es el D\u00eda Mundial contra el C\u00e1ncer? El D\u00eda Mundial contra el C\u00e1ncer, celebrado cada 4 de febrero, fue establecido por la Asamblea Mundial de la Salud en 2000 para crear conciencia sobre la prevenci\u00f3n, detecci\u00f3n temprana y tratamiento del c\u00e1ncer. Este d\u00eda nos invita a reflexionar sobre la importancia de la salud y a tomar medidas proactivas para reducir el riesgo de esta enfermedad. La Importancia de la Prevenci\u00f3n La prevenci\u00f3n es fundamental en la lucha contra el c\u00e1ncer. Adoptar h\u00e1bitos saludables, como una dieta equilibrada, ejercicio regular y evitar el consumo de tabaco, puede reducir significativamente el riesgo de desarrollar c\u00e1ncer. Adem\u00e1s, es crucial realizar chequeos m\u00e9dicos peri\u00f3dicos para detectar cualquier signo temprano de la enfermedad. Detecci\u00f3n Temprana: La Clave del \u00c9xito La detecci\u00f3n temprana del c\u00e1ncer es esencial para aumentar las probabilidades de \u00e9xito en el tratamiento. Realizar ex\u00e1menes m\u00e9dicos regulares y estar atento a los s\u00edntomas puede ayudar a identificar la enfermedad en sus primeras etapas, cuando es m\u00e1s tratable. Viaja con Costa Line Viaja c\u00f3modamente con&nbsp;Costa Line, y disfruta de beneficios como: Compra tus boletos en&nbsp;Costa Line&nbsp;y prep\u00e1rate para una aventura incre\u00edble<\/p>\n","protected":false},"author":8,"featured_media":903,"comment_status":"open","ping_status":"open","sticky":false,"template":"","format":"standard","meta":{"site-sidebar-layout":"default","site-content-layout":"","ast-site-content-layout":"default","site-content-style":"default","site-sidebar-style":"default","ast-global-header-display":"","ast-banner-title-visibility":"","ast-main-header-display":"","ast-hfb-above-header-display":"","ast-hfb-below-header-display":"","ast-hfb-mobile-header-display":"","site-post-title":"","ast-breadcrumbs-content":"","ast-featured-img":"","footer-sml-layout":"","ast-disable-related-posts":"","theme-transparent-header-meta":"","adv-header-id-meta":"","stick-header-meta":"","header-above-stick-meta":"","header-main-stick-meta":"","header-below-stick-meta":"","astra-migrate-meta-layouts":"default","ast-page-background-enabled":"default","ast-page-background-meta":{"desktop":{"background-color":"var(--ast-global-color-4)","background-image":"","background-repeat":"repeat","background-position":"center center","background-size":"auto","background-attachment":"scroll","background-type":"","background-media":"","overlay-type":"","overlay-color":"","overlay-opacity":"","overlay-gradient":""},"tablet":{"background-color":"","background-image":"","background-repeat":"repeat","background-position":"center center","background-size":"auto","background-attachment":"scroll","background-type":"","background-media":"","overlay-type":"","overlay-color":"","overlay-opacity":"","overlay-gradient":""},"mobile":{"background-color":"","background-image":"","background-repeat":"repeat","background-position":"center center","background-size":"auto","background-attachment":"scroll","background-type":"","background-media":"","overlay-type":"","overlay-color":"","overlay-opacity":"","overlay-gradient":""}},"ast-content-background-meta":{"desktop":{"background-color":"var(--ast-global-color-5)","background-image":"","background-repeat":"repeat","background-position":"center center","background-size":"auto","background-attachment":"scroll","background-type":"","background-media":"","overlay-type":"","overlay-color":"","overlay-opacity":"","overlay-gradient":""},"tablet":{"background-color":"var(--ast-global-color-5)","background-image":"","background-repeat":"repeat","background-position":"center center","background-size":"auto","background-attachment":"scroll","background-type":"","background-media":"","overlay-type":"","overlay-color":"","overlay-opacity":"","overlay-gradient":""},"mobile":{"background-color":"var(--ast-global-color-5)","background-image":"","background-repeat":"repeat","background-position":"center center","background-size":"auto","background-attachment":"scroll","background-type":"","background-media":"","overlay-type":"","overlay-color":"","overlay-opacity":"","overlay-gradient":""}},"footnotes":""},"categories":[6,35,15,3,16,30,4,27,5,7,26,50],"tags":[],"class_list":["post-898","post","type-post","status-publish","format-standard","has-post-thumbnail","hentry","category-autobus-a-chilpancingo","category-boletos-a-acapulco","category-boletos-a-taxco","category-boletos-de-autobus","category-boletos-de-camion","category-boletosautob-acapulco","category-chilpancingo","category-ciudad-de-mexico","category-costaline","category-guerrero","category-hotel-benidorm","category-playas"],"yoast_head":"<!-- This site is optimized with the Yoast SEO plugin v26.6 - https:\/\/yoast.com\/wordpress\/plugins\/seo\/ -->\n<title>D\u00eda Mundial contra el C\u00e1ncer 2025<\/title>\n<meta name=\"description\" content=\"\u00danete a la lucha contra el c\u00e1ncer en el D\u00eda Mundial contra el C\u00e1ncer 2025. Costa Line te recuerda la importancia de este d\u00eda.\" \/>\n<meta name=\"robots\" content=\"index, follow, max-snippet:-1, max-image-preview:large, max-video-preview:-1\" \/>\n<link rel=\"canonical\" href=\"https:\/\/costaline.com.mx\/blog\/dia-mundial-contra-el-cancer-2025\/\" \/>\n<meta property=\"og:locale\" content=\"es_MX\" \/>\n<meta property=\"og:type\" content=\"article\" \/>\n<meta property=\"og:title\" content=\"D\u00eda Mundial contra el C\u00e1ncer 2025\" \/>\n<meta property=\"og:description\" content=\"\u00danete a la lucha contra el c\u00e1ncer en el D\u00eda Mundial contra el C\u00e1ncer 2025. Costa Line te recuerda la importancia de este d\u00eda.\" \/>\n<meta property=\"og:url\" content=\"https:\/\/costaline.com.mx\/blog\/dia-mundial-contra-el-cancer-2025\/\" \/>\n<meta property=\"og:site_name\" content=\"Blog AERS Costaline\" \/>\n<meta property=\"article:published_time\" content=\"2025-02-03T21:00:00+00:00\" \/>\n<meta property=\"article:modified_time\" content=\"2025-04-03T22:35:35+00:00\" \/>\n<meta property=\"og:image\" content=\"https:\/\/costaline.com.mx\/blog\/wp-content\/uploads\/2025\/01\/Mesa-de-trabajo-1-6.png\" \/>\n\t<meta property=\"og:image:width\" content=\"264\" \/>\n\t<meta property=\"og:image:height\" content=\"131\" \/>\n\t<meta property=\"og:image:type\" content=\"image\/png\" \/>\n<meta name=\"author\" content=\"Costa Line\" \/>\n<meta name=\"twitter:card\" content=\"summary_large_image\" \/>\n<meta name=\"twitter:label1\" content=\"Escrito por\" \/>\n\t<meta name=\"twitter:data1\" content=\"Costa Line\" \/>\n\t<meta name=\"twitter:label2\" content=\"Tiempo de lectura\" \/>\n\t<meta name=\"twitter:data2\" content=\"2 minutos\" \/>\n<script type=\"application\/ld+json\" class=\"yoast-schema-graph\">{\"@context\":\"https:\/\/schema.org\",\"@graph\":[{\"@type\":\"WebPage\",\"@id\":\"https:\/\/costaline.com.mx\/blog\/dia-mundial-contra-el-cancer-2025\/\",\"url\":\"https:\/\/costaline.com.mx\/blog\/dia-mundial-contra-el-cancer-2025\/\",\"name\":\"D\u00eda Mundial contra el C\u00e1ncer 2025\",\"isPartOf\":{\"@id\":\"https:\/\/costaline.com.mx\/blog\/#website\"},\"primaryImageOfPage\":{\"@id\":\"https:\/\/costaline.com.mx\/blog\/dia-mundial-contra-el-cancer-2025\/#primaryimage\"},\"image\":{\"@id\":\"https:\/\/costaline.com.mx\/blog\/dia-mundial-contra-el-cancer-2025\/#primaryimage\"},\"thumbnailUrl\":\"https:\/\/costaline.com.mx\/blog\/wp-content\/uploads\/2025\/01\/Mesa-de-trabajo-1-6.png\",\"datePublished\":\"2025-02-03T21:00:00+00:00\",\"dateModified\":\"2025-04-03T22:35:35+00:00\",\"author\":{\"@id\":\"https:\/\/costaline.com.mx\/blog\/#\/schema\/person\/8a5d28051d7b4c124af40df098993ed2\"},\"description\":\"\u00danete a la lucha contra el c\u00e1ncer en el D\u00eda Mundial contra el C\u00e1ncer 2025. Costa Line te recuerda la importancia de este d\u00eda.\",\"breadcrumb\":{\"@id\":\"https:\/\/costaline.com.mx\/blog\/dia-mundial-contra-el-cancer-2025\/#breadcrumb\"},\"inLanguage\":\"es\",\"potentialAction\":[{\"@type\":\"ReadAction\",\"target\":[\"https:\/\/costaline.com.mx\/blog\/dia-mundial-contra-el-cancer-2025\/\"]}]},{\"@type\":\"ImageObject\",\"inLanguage\":\"es\",\"@id\":\"https:\/\/costaline.com.mx\/blog\/dia-mundial-contra-el-cancer-2025\/#primaryimage\",\"url\":\"https:\/\/costaline.com.mx\/blog\/wp-content\/uploads\/2025\/01\/Mesa-de-trabajo-1-6.png\",\"contentUrl\":\"https:\/\/costaline.com.mx\/blog\/wp-content\/uploads\/2025\/01\/Mesa-de-trabajo-1-6.png\",\"width\":264,\"height\":131},{\"@type\":\"BreadcrumbList\",\"@id\":\"https:\/\/costaline.com.mx\/blog\/dia-mundial-contra-el-cancer-2025\/#breadcrumb\",\"itemListElement\":[{\"@type\":\"ListItem\",\"position\":1,\"name\":\"Inicio\",\"item\":\"https:\/\/costaline.com.mx\/blog\/\"},{\"@type\":\"ListItem\",\"position\":2,\"name\":\"D\u00eda Mundial contra el C\u00e1ncer: Un Llamado a la Prevenci\u00f3n y la Esperanza\"}]},{\"@type\":\"WebSite\",\"@id\":\"https:\/\/costaline.com.mx\/blog\/#website\",\"url\":\"https:\/\/costaline.com.mx\/blog\/\",\"name\":\"Blog AERS Costaline\",\"description\":\"Autotransportes Estrella Roja del Sur\",\"potentialAction\":[{\"@type\":\"SearchAction\",\"target\":{\"@type\":\"EntryPoint\",\"urlTemplate\":\"https:\/\/costaline.com.mx\/blog\/?s={search_term_string}\"},\"query-input\":{\"@type\":\"PropertyValueSpecification\",\"valueRequired\":true,\"valueName\":\"search_term_string\"}}],\"inLanguage\":\"es\"},{\"@type\":\"Person\",\"@id\":\"https:\/\/costaline.com.mx\/blog\/#\/schema\/person\/8a5d28051d7b4c124af40df098993ed2\",\"name\":\"Costa Line\",\"image\":{\"@type\":\"ImageObject\",\"inLanguage\":\"es\",\"@id\":\"https:\/\/costaline.com.mx\/blog\/#\/schema\/person\/image\/\",\"url\":\"https:\/\/secure.gravatar.com\/avatar\/972c44cb62d153f3a3644322de65d35f68a87c12aedab694ff3df52b780d9253?s=96&d=mm&r=g\",\"contentUrl\":\"https:\/\/secure.gravatar.com\/avatar\/972c44cb62d153f3a3644322de65d35f68a87c12aedab694ff3df52b780d9253?s=96&d=mm&r=g\",\"caption\":\"Costa Line\"},\"url\":\"https:\/\/costaline.com.mx\/blog\/author\/costaline\/\"}]}<\/script>\n<!-- \/ Yoast SEO plugin. -->","yoast_head_json":{"title":"D\u00eda Mundial contra el C\u00e1ncer 2025","description":"\u00danete a la lucha contra el c\u00e1ncer en el D\u00eda Mundial contra el C\u00e1ncer 2025. Costa Line te recuerda la importancia de este d\u00eda.","robots":{"index":"index","follow":"follow","max-snippet":"max-snippet:-1","max-image-preview":"max-image-preview:large","max-video-preview":"max-video-preview:-1"},"canonical":"https:\/\/costaline.com.mx\/blog\/dia-mundial-contra-el-cancer-2025\/","og_locale":"es_MX","og_type":"article","og_title":"D\u00eda Mundial contra el C\u00e1ncer 2025","og_description":"\u00danete a la lucha contra el c\u00e1ncer en el D\u00eda Mundial contra el C\u00e1ncer 2025. Costa Line te recuerda la importancia de este d\u00eda.","og_url":"https:\/\/costaline.com.mx\/blog\/dia-mundial-contra-el-cancer-2025\/","og_site_name":"Blog AERS Costaline","article_published_time":"2025-02-03T21:00:00+00:00","article_modified_time":"2025-04-03T22:35:35+00:00","og_image":[{"width":264,"height":131,"url":"https:\/\/costaline.com.mx\/blog\/wp-content\/uploads\/2025\/01\/Mesa-de-trabajo-1-6.png","type":"image\/png"}],"author":"Costa Line","twitter_card":"summary_large_image","twitter_misc":{"Escrito por":"Costa Line","Tiempo de lectura":"2 minutos"},"schema":{"@context":"https:\/\/schema.org","@graph":[{"@type":"WebPage","@id":"https:\/\/costaline.com.mx\/blog\/dia-mundial-contra-el-cancer-2025\/","url":"https:\/\/costaline.com.mx\/blog\/dia-mundial-contra-el-cancer-2025\/","name":"D\u00eda Mundial contra el C\u00e1ncer 2025","isPartOf":{"@id":"https:\/\/costaline.com.mx\/blog\/#website"},"primaryImageOfPage":{"@id":"https:\/\/costaline.com.mx\/blog\/dia-mundial-contra-el-cancer-2025\/#primaryimage"},"image":{"@id":"https:\/\/costaline.com.mx\/blog\/dia-mundial-contra-el-cancer-2025\/#primaryimage"},"thumbnailUrl":"https:\/\/costaline.com.mx\/blog\/wp-content\/uploads\/2025\/01\/Mesa-de-trabajo-1-6.png","datePublished":"2025-02-03T21:00:00+00:00","dateModified":"2025-04-03T22:35:35+00:00","author":{"@id":"https:\/\/costaline.com.mx\/blog\/#\/schema\/person\/8a5d28051d7b4c124af40df098993ed2"},"description":"\u00danete a la lucha contra el c\u00e1ncer en el D\u00eda Mundial contra el C\u00e1ncer 2025. Costa Line te recuerda la importancia de este d\u00eda.","breadcrumb":{"@id":"https:\/\/costaline.com.mx\/blog\/dia-mundial-contra-el-cancer-2025\/#breadcrumb"},"inLanguage":"es","potentialAction":[{"@type":"ReadAction","target":["https:\/\/costaline.com.mx\/blog\/dia-mundial-contra-el-cancer-2025\/"]}]},{"@type":"ImageObject","inLanguage":"es","@id":"https:\/\/costaline.com.mx\/blog\/dia-mundial-contra-el-cancer-2025\/#primaryimage","url":"https:\/\/costaline.com.mx\/blog\/wp-content\/uploads\/2025\/01\/Mesa-de-trabajo-1-6.png","contentUrl":"https:\/\/costaline.com.mx\/blog\/wp-content\/uploads\/2025\/01\/Mesa-de-trabajo-1-6.png","width":264,"height":131},{"@type":"BreadcrumbList","@id":"https:\/\/costaline.com.mx\/blog\/dia-mundial-contra-el-cancer-2025\/#breadcrumb","itemListElement":[{"@type":"ListItem","position":1,"name":"Inicio","item":"https:\/\/costaline.com.mx\/blog\/"},{"@type":"ListItem","position":2,"name":"D\u00eda Mundial contra el C\u00e1ncer: Un Llamado a la Prevenci\u00f3n y la Esperanza"}]},{"@type":"WebSite","@id":"https:\/\/costaline.com.mx\/blog\/#website","url":"https:\/\/costaline.com.mx\/blog\/","name":"Blog AERS Costaline","description":"Autotransportes Estrella Roja del Sur","potentialAction":[{"@type":"SearchAction","target":{"@type":"EntryPoint","urlTemplate":"https:\/\/costaline.com.mx\/blog\/?s={search_term_string}"},"query-input":{"@type":"PropertyValueSpecification","valueRequired":true,"valueName":"search_term_string"}}],"inLanguage":"es"},{"@type":"Person","@id":"https:\/\/costaline.com.mx\/blog\/#\/schema\/person\/8a5d28051d7b4c124af40df098993ed2","name":"Costa Line","image":{"@type":"ImageObject","inLanguage":"es","@id":"https:\/\/costaline.com.mx\/blog\/#\/schema\/person\/image\/","url":"https:\/\/secure.gravatar.com\/avatar\/972c44cb62d153f3a3644322de65d35f68a87c12aedab694ff3df52b780d9253?s=96&d=mm&r=g","contentUrl":"https:\/\/secure.gravatar.com\/avatar\/972c44cb62d153f3a3644322de65d35f68a87c12aedab694ff3df52b780d9253?s=96&d=mm&r=g","caption":"Costa Line"},"url":"https:\/\/costaline.com.mx\/blog\/author\/costaline\/"}]}},"_links":{"self":[{"href":"https:\/\/costaline.com.mx\/blog\/wp-json\/wp\/v2\/posts\/898","targetHints":{"allow":["GET"]}}],"collection":[{"href":"https:\/\/costaline.com.mx\/blog\/wp-json\/wp\/v2\/posts"}],"about":[{"href":"https:\/\/costaline.com.mx\/blog\/wp-json\/wp\/v2\/types\/post"}],"author":[{"embeddable":true,"href":"https:\/\/costaline.com.mx\/blog\/wp-json\/wp\/v2\/users\/8"}],"replies":[{"embeddable":true,"href":"https:\/\/costaline.com.mx\/blog\/wp-json\/wp\/v2\/comments?post=898"}],"version-history":[{"count":4,"href":"https:\/\/costaline.com.mx\/blog\/wp-json\/wp\/v2\/posts\/898\/revisions"}],"predecessor-version":[{"id":1111,"href":"https:\/\/costaline.com.mx\/blog\/wp-json\/wp\/v2\/posts\/898\/revisions\/1111"}],"wp:featuredmedia":[{"embeddable":true,"href":"https:\/\/costaline.com.mx\/blog\/wp-json\/wp\/v2\/media\/903"}],"wp:attachment":[{"href":"https:\/\/costaline.com.mx\/blog\/wp-json\/wp\/v2\/media?parent=898"}],"wp:term":[{"taxonomy":"category","embeddable":true,"href":"https:\/\/costaline.com.mx\/blog\/wp-json\/wp\/v2\/categories?post=898"},{"taxonomy":"post_tag","embeddable":true,"href":"https:\/\/costaline.com.mx\/blog\/wp-json\/wp\/v2\/tags?post=898"}],"curies":[{"name":"wp","href":"https:\/\/api.w.org\/{rel}","templated":true}]}}